{"id":900,"date":"2023-12-15T15:45:26","date_gmt":"2023-12-15T15:45:26","guid":{"rendered":"https:\/\/futuragora.pt\/zeitgeist\/?p=900"},"modified":"2023-12-15T15:40:03","modified_gmt":"2023-12-15T15:40:03","slug":"a-esquerda-passou-a-defender-o-islao","status":"publish","type":"post","link":"https:\/\/futuragora.org\/zeitgeist\/2023\/12\/a-esquerda-passou-a-defender-o-islao\/","title":{"rendered":"A esquerda passou a defender o Isl\u00e3o?"},"content":{"rendered":"<p style=\"text-align: right;\">urg\u00eancia em abordar o conflito Israel-Palestina &#8211;<br \/>\npreocupa\u00e7\u00e3o com a postura da esquerda &#8211;<br \/>\nincidente do hospital Shifa e uso de escudos humanos &#8211;<br \/>\ncondena\u00e7\u00e3o de Yasser Arafat \u00e0s a\u00e7\u00f5es do Hamas &#8211;<br \/>\napoio ao Hamas e suas implica\u00e7\u00f5es &#8211;<br \/>\ndoutrina\u00e7\u00e3o do povo palestiniano &#8211;<br \/>\n&nbsp;valores do Isl\u00e3o e do Ocidente &#8211;<br \/>\nelei\u00e7\u00f5es de 2006 e ascens\u00e3o do Hamas &#8211;<br \/>\nfuturas elei\u00e7\u00f5es e pol\u00edtica palestina &#8211;<\/p>\n<p>\u00c9 com urg\u00eancia que abordo os &#8220;meus camaradas de luta&#8221; para a complexidade do conflito Israel-Palestina, particularmente para o papel do Hamas e as implica\u00e7\u00f5es das suas a\u00e7\u00f5es para o futuro pol\u00edtico da Palestina, e para a paz e liberdade mundial.<\/p>\n<p><strong><a href=\"https:\/\/i0.wp.com\/futuragora.pt\/zeitgeist\/wp-content\/uploads\/2023\/11\/lbi-palestina-hamas.png?ssl=1\"><img data-recalc-dims=\"1\" loading=\"lazy\" decoding=\"async\" data-attachment-id=\"918\" data-permalink=\"https:\/\/futuragora.org\/zeitgeist\/2023\/12\/a-esquerda-passou-a-defender-o-islao\/lbi-palestina-hamas\/#main\" data-orig-file=\"https:\/\/i0.wp.com\/futuragora.org\/zeitgeist\/wp-content\/uploads\/2023\/11\/lbi-palestina-hamas.png?fit=508%2C657&amp;ssl=1\" data-orig-size=\"508,657\" data-comments-opened=\"1\" data-image-meta=\"{&quot;aperture&quot;:&quot;0&quot;,&quot;credit&quot;:&quot;&quot;,&quot;camera&quot;:&quot;&quot;,&quot;caption&quot;:&quot;&quot;,&quot;created_timestamp&quot;:&quot;0&quot;,&quot;copyright&quot;:&quot;&quot;,&quot;focal_length&quot;:&quot;0&quot;,&quot;iso&quot;:&quot;0&quot;,&quot;shutter_speed&quot;:&quot;0&quot;,&quot;title&quot;:&quot;&quot;,&quot;orientation&quot;:&quot;0&quot;}\" data-image-title=\"lbi-palestina-hamas\" data-image-description=\"\" data-image-caption=\"\" data-large-file=\"https:\/\/i0.wp.com\/futuragora.org\/zeitgeist\/wp-content\/uploads\/2023\/11\/lbi-palestina-hamas.png?fit=508%2C657&amp;ssl=1\" class=\"size-medium wp-image-918 alignright\" src=\"https:\/\/i0.wp.com\/futuragora.pt\/zeitgeist\/wp-content\/uploads\/2023\/11\/lbi-palestina-hamas-232x300.png?resize=232%2C300&#038;ssl=1\" alt=\"\" width=\"232\" height=\"300\" srcset=\"https:\/\/i0.wp.com\/futuragora.org\/zeitgeist\/wp-content\/uploads\/2023\/11\/lbi-palestina-hamas.png?resize=232%2C300&amp;ssl=1 232w, https:\/\/i0.wp.com\/futuragora.org\/zeitgeist\/wp-content\/uploads\/2023\/11\/lbi-palestina-hamas.png?w=508&amp;ssl=1 508w\" sizes=\"auto, (max-width: 232px) 100vw, 232px\" \/><\/a>Observo com preocupa\u00e7\u00e3o que parte da Esquerda pode estar a agir inadvertidamente como os complacentes do holocausto<\/strong>, cegos aos valores inscritos e demonstrados pelo Hamas e outros radicais Islamitas. Essa postura pode levar ao apoio incondicional de grupos que, al\u00e9m de serem considerados terroristas, demonstram, atrav\u00e9s das suas a\u00e7\u00f5es, uma agenda que vai al\u00e9m da luta pela liberdade Palestina.<\/p>\n<p>No incidente relatado de 7 de outubro, o Hamas levou dois ref\u00e9ns n\u00e3o judeus (nepal\u00eas e tailand\u00eas) para o hospital Shifa, numa a\u00e7\u00e3o interpretada como uma tentativa de usar os civis, pessoal m\u00e9dico e o edif\u00edcio como escudos. Este ato n\u00e3o \u00e9 apenas uma agress\u00e3o contra Israel ou os cidad\u00e3os desses pa\u00edses, mas tamb\u00e9m uma trai\u00e7\u00e3o aos princ\u00edpios de humanidade, afetando diretamente o povo palestino e a perce\u00e7\u00e3o global da sua luta.<\/p>\n<p>As palavras de Yasser Arafat, um l\u00edder hist\u00f3rico palestino, ecoam fortemente neste contexto. Numa entrevista, Arafat condenou as atividades do Hamas, destacando que essas a\u00e7\u00f5es s\u00e3o prejudiciais n\u00e3o apenas para as inten\u00e7\u00f5es israelitas, mas tamb\u00e9m para os palestinos, o processo de paz e a regi\u00e3o na totalidade. Arafat enfatizou que tais atos v\u00e3o contra os ensinamentos de Deus, assim como contra todos os mu\u00e7ulmanos, numa cr\u00edtica direta \u00e0 ideologia do Hamas, prejudicando a causa pela qual tantos lutaram (por refer\u00eancia ao Acordo de Oslo).<\/p>\n<p>O apoio ao Hamas, especialmente por grupos de esquerda que procuram apoiar a causa palestina, levanta s\u00e9rias quest\u00f5es. Este apoio, muitas vezes manifestado pela esquerda e ativistas que defendem uma Palestina livre, arrisca ser comparado com a complac\u00eancia observada durante o holocausto nazi, onde a ina\u00e7\u00e3o e o sil\u00eancio contribu\u00edram para atos inimagin\u00e1veis de crueldade e genoc\u00eddio. Ao defender o Hamas (ainda que indiretamente), podemos estar, sem querer, a apoiar uma entidade que n\u00e3o apenas perp\u00e9tua o conflito, mas tamb\u00e9m age contra os princ\u00edpios fundamentais de toler\u00e2ncia, paz e justi\u00e7a. Porque em vez de estar a ser defendida a autodetermina\u00e7\u00e3o daquele povo palestiniano, est\u00e1 a ser defendido um conjunto de princ\u00edpio que v\u00e3o, por exclus\u00e3o, mais al\u00e9m.<\/p>\n<p><strong>Tenho a crescente preocupa\u00e7\u00e3o de que, ao apoiar a causa Palestiniana, endossamos inadvertidamente uma agenda que inclui o exterm\u00ednio de judeus, \u00e1rabes, a opress\u00e3o de mulheres e minorias como determina\u00e7\u00e3o de g\u00e9nero, assim como planos expansionistas que ultrapassam os limites regionais.<\/strong><\/p>\n<p>H\u00e1 17 anos, ap\u00f3s a retirada israelita, a Faixa de Gaza viu uma oportunidade para a democracia. No entanto, as elei\u00e7\u00f5es resultaram na vit\u00f3ria do Hamas atrav\u00e9s do partido Mudan\u00e7a e Reforma, um grupo com uma agenda radical. Esta situa\u00e7\u00e3o coloca um dilema cr\u00edtico: enquanto a democracia \u00e9 essencial, o resultado eleitoral levou ao poder um grupo cujas pol\u00edticas e a\u00e7\u00f5es s\u00e3o frequentemente contr\u00e1rias aos princ\u00edpios democr\u00e1ticos, de direitos humanos e de paz.<\/p>\n<figure id=\"attachment_920\" aria-describedby=\"caption-attachment-920\" style=\"width: 264px\" class=\"wp-caption alignleft\"><a href=\"https:\/\/i0.wp.com\/futuragora.pt\/zeitgeist\/wp-content\/uploads\/2023\/11\/HAMAS.jpg?ssl=1\"><img data-recalc-dims=\"1\" loading=\"lazy\" decoding=\"async\" data-attachment-id=\"920\" data-permalink=\"https:\/\/futuragora.org\/zeitgeist\/2023\/12\/a-esquerda-passou-a-defender-o-islao\/soldiers-take-part-in-a-drill-in-a-military-base-ahead-of-the-chinese-new-year-in-hsinchu\/#main\" data-orig-file=\"https:\/\/i0.wp.com\/futuragora.org\/zeitgeist\/wp-content\/uploads\/2023\/11\/HAMAS.jpg?fit=1200%2C1315&amp;ssl=1\" data-orig-size=\"1200,1315\" data-comments-opened=\"1\" data-image-meta=\"{&quot;aperture&quot;:&quot;0&quot;,&quot;credit&quot;:&quot;REUTERS&quot;,&quot;camera&quot;:&quot;&quot;,&quot;caption&quot;:&quot;Soldiers take part in a drill in a military base ahead of the Chinese New year in Hsinchu, Taiwan, January 19, 2021. REUTERS\/Ann Wang&quot;,&quot;created_timestamp&quot;:&quot;1611030319&quot;,&quot;copyright&quot;:&quot;&quot;,&quot;focal_length&quot;:&quot;0&quot;,&quot;iso&quot;:&quot;0&quot;,&quot;shutter_speed&quot;:&quot;0&quot;,&quot;title&quot;:&quot;Soldiers take part in a drill in a military base ahead of the Chinese New year in Hsinchu,&quot;,&quot;orientation&quot;:&quot;1&quot;}\" data-image-title=\"Soldiers take part in a drill in a military base ahead of the Chinese New year in Hsinchu,\" data-image-description=\"\" data-image-caption=\"&lt;p&gt;Soldiers take part in a drill in a military base ahead of the Chinese New year in Hsinchu, Taiwan, January 19, 2021. REUTERS\/Ann Wang&lt;\/p&gt;\n\" data-large-file=\"https:\/\/i0.wp.com\/futuragora.org\/zeitgeist\/wp-content\/uploads\/2023\/11\/HAMAS.jpg?fit=934%2C1024&amp;ssl=1\" class=\"size-medium wp-image-920\" src=\"https:\/\/i0.wp.com\/futuragora.pt\/zeitgeist\/wp-content\/uploads\/2023\/11\/HAMAS-274x300.jpg?resize=274%2C300&#038;ssl=1\" alt=\"\" width=\"274\" height=\"300\" srcset=\"https:\/\/i0.wp.com\/futuragora.org\/zeitgeist\/wp-content\/uploads\/2023\/11\/HAMAS.jpg?resize=274%2C300&amp;ssl=1 274w, https:\/\/i0.wp.com\/futuragora.org\/zeitgeist\/wp-content\/uploads\/2023\/11\/HAMAS.jpg?resize=934%2C1024&amp;ssl=1 934w, https:\/\/i0.wp.com\/futuragora.org\/zeitgeist\/wp-content\/uploads\/2023\/11\/HAMAS.jpg?resize=768%2C842&amp;ssl=1 768w, https:\/\/i0.wp.com\/futuragora.org\/zeitgeist\/wp-content\/uploads\/2023\/11\/HAMAS.jpg?w=1200&amp;ssl=1 1200w\" sizes=\"auto, (max-width: 274px) 100vw, 274px\" \/><\/a><figcaption id=\"caption-attachment-920\" class=\"wp-caption-text\">Soldiers take part in a drill in a military base ahead of the Chinese New year in Hsinchu, Taiwan, January 19, 2021. REUTERS\/Ann Wang<\/figcaption><\/figure>\n<p>Com o fim do recente conflito, existe uma forte preocupa\u00e7\u00e3o de que novas elei\u00e7\u00f5es possam resultar novamente na ascens\u00e3o de grupos radicais. Isso coloca os palestinos numa posi\u00e7\u00e3o vulner\u00e1vel,<strong> onde a escolha democr\u00e1tica pode levar ao poder entidades que n\u00e3o representam necessariamente os seus melhores interesses<\/strong> ou os ideais de paz e justi\u00e7a.<\/p>\n<p>\u00c9 ir\u00f3nico que, ap\u00f3s a retirada do mandato brit\u00e2nico, em vez de uma declara\u00e7\u00e3o de independ\u00eancia palestiniana similar \u00e0 israelita, a regi\u00e3o palestiniana tenha sido invadida por por todos os estados mu\u00e7ulmanos circundantes. Isso sublinha a complexidade da situa\u00e7\u00e3o pol\u00edtica palestina, onde a busca pela autodetermina\u00e7\u00e3o tem sido repetidamente ofuscada por agendas extremista e conflitos internos.<\/p>\n<p>Defender os direitos humanos e a autodetermina\u00e7\u00e3o Palestina n\u00e3o significa apoiar cegamente todas as a\u00e7\u00f5es ou pol\u00edticas do Hamas. <strong>\u00c9 essencial que os defensores da causa palestina se comprometam com uma reflex\u00e3o cr\u00edtica<\/strong> sobre quem e o que est\u00e3o a apoiar, assegurando que a sua solidariedade n\u00e3o seja deturpada ou utilizada para fins contr\u00e1rios \u00e0 paz e \u00e0 justi\u00e7a.<\/p>\n<p><strong>Em momento nenhum \u00e9 defendido o melhor interesse das crian\u00e7as e do povo palestiniano, como se v\u00ea no depoimento em primeira m\u00e3o de <\/strong><span class=\"yt-core-attributed-string yt-core-attributed-string--white-space-pre-wrap\"><span class=\"yt-core-attributed-string--link-inherit-color\"><strong>Mosab Hassan Yousef citado na qualidade de crian\u00e7a palestiniana<\/strong>, sobre a doutrina\u00e7\u00e3o isl\u00e2mica com a \u00fanica fun\u00e7\u00e3o de aniquilar Israel. Tal vis\u00e3o partilhada por outros grupos como o Hezbollah, a Al Qaeda e Hamas desvirtua a causa palestiniana, os princ\u00edpios de humanit\u00e1rio e o Direito internacional.<br \/>\n<\/span><\/span><\/p>\n<p>\u00c9 imperativo que aqueles que defendem a causa palestina reconhe\u00e7am a necessidade de uma abordagem mais equilibrada e informada, uma que promova a paz e a justi\u00e7a para todos os envolvidos, e n\u00e3o apenas para um lado do conflito.<\/p>\n<p>&nbsp;<\/p>\n<p><span style=\"text-decoration: underline;\">Fontes:<\/span><\/p>\n<ul>\n<li>Hospital al-Shifa 7.10.23 grava\u00e7\u00f5es CCTV na <a href=\"https:\/\/www.bbc.com\/news\/av\/world-middle-east-67469779\">BBC<\/a><\/li>\n<li>Arfat contra o Hamas e terrorismo 4 Mar 1996 &#8211; <a href=\"https:\/\/www.youtube.com\/watch?v=Q3uOPJrqQgk\">Youtube<\/a><\/li>\n<li>Arfat contra o Hamas e terrorismo &#8211; <a href=\"https:\/\/www.pbs.org\/wgbh\/frontline\/documentary\/shattered-dreams-of-peace\/transcript\/\">Artigo de Entrevista<\/a>: <em>That they are not only doing these terrorist activities against the Israelis. It is against the Palestinians, against the peace process, against the Arabs, against the whole region. And it is against God.<\/em> &#8211; <a href=\"https:\/\/youtu.be\/jt3PpqaLfxo?t=1247\">Youtube<\/a><\/li>\n<li>Uns meses depois Arafat recebe o Hamas &#8211; <a href=\"https:\/\/youtu.be\/63HRurTyJKg\">Youtube<\/a><\/li>\n<li>Arafat recebe o l\u00edder espiritual do Hamas Yassin &#8211; <a href=\"https:\/\/youtu.be\/J1F4vJ-ELoY\">Youtube<\/a><\/li>\n<li>Filho do Co-Fundador do Hamas <span class=\"yt-core-attributed-string yt-core-attributed-string--white-space-pre-wrap\"><span class=\"yt-core-attributed-string--link-inherit-color\">Mosab Hassan Yousef,<\/span><\/span> denuncia doutrina\u00e7\u00e3o de crian\u00e7as palestinianas &#8211; <a href=\"https:\/\/youtu.be\/pjOEJumoABg\">Youtube<\/a><\/li>\n<li>Converter ou morrer, l\u00edder Shia aos Crist\u00e3os Iraquianos &#8211; <a href=\"https:\/\/www.newarab.com\/news\/convert-or-die-says-shia-leader-iraqi-christians\">Artigo<\/a>, 2017<\/li>\n<li>Hamas despertou os Monstros do ocidente &#8211; <a href=\"https:\/\/unherd.com\/2023\/11\/hamas-has-unleashed-the-wests-monsters\/\">Site<\/a><\/li>\n<li>Esquerda a defender a Jihad &#8211; <a href=\"https:\/\/lbi-qi.blogspot.com\/2023\/11\/editora-nova-antidoto-lanca-o-livro.html#more\">Site<\/a> Brasil<\/li>\n<li>Escravizar o mundo ocidental &#8211; <span style=\"text-decoration: underline;\">Youtube<\/span><\/li>\n<li>O que \u00e9 o Hamas &#8211; <a href=\"https:\/\/www.jagranjosh.com\/general-knowledge\/what-is-hamas-know-all-about-its-achievements-in-israel-palestine-conflict-1620904193-1\">Site<\/a><\/li>\n<li>Mu\u00e7ulmana fala das sua experi\u00eancia em Israel &#8211; <a href=\"https:\/\/www.youtube.com\/watch?v=i_MfnpuafBg\">Youtube<\/a><\/li>\n<li>Dennis Prager: Apoiar o Hamas \u00e9 como apoiar o partido Nazi durante a WWII &#8211; <a href=\"https:\/\/www.youtube.com\/watch?v=OudTXT_9CzY\">Youtube<\/a><\/li>\n<li>Ex-Hamas Supporter: &#8220;I Hated Jews and Israel, But Now I Condemn Hamas&#8221; &#8211; <a href=\"https:\/\/www.youtube.com\/watch?v=MW2NS7jGR0s\">Youtube<\/a><\/li>\n<\/ul>\n","protected":false},"excerpt":{"rendered":"<p>urg\u00eancia em abordar o conflito Israel-Palestina &#8211; preocupa\u00e7\u00e3o com a postura da esquerda &#8211; incidente do hospital Shifa e uso de escudos humanos &#8211; condena\u00e7\u00e3o de Yasser Arafat \u00e0s a\u00e7\u00f5es do Hamas &#8211; apoio ao Hamas e suas implica\u00e7\u00f5es &#8211; doutrina\u00e7\u00e3o do povo palestiniano &#8211; &nbsp;valores do Isl\u00e3o e do Ocidente &#8211; elei\u00e7\u00f5es de 2006 &#8230; <a title=\"A esquerda passou a defender o Isl\u00e3o?\" class=\"read-more\" href=\"https:\/\/futuragora.org\/zeitgeist\/2023\/12\/a-esquerda-passou-a-defender-o-islao\/\" aria-label=\"Leia mais sobre A esquerda passou a defender o Isl\u00e3o?\">Ler mais<\/a><\/p>\n","protected":false},"author":7,"featured_media":921,"comment_status":"open","ping_status":"open","sticky":false,"template":"","format":"standard","meta":{"ngg_post_thumbnail":0,"jetpack_post_was_ever_published":false,"_jetpack_newsletter_access":"","_jetpack_dont_email_post_to_subs":false,"_jetpack_newsletter_tier_id":0,"_jetpack_memberships_contains_paywalled_content":false,"_jetpack_memberships_contains_paid_content":false,"footnotes":"","jetpack_publicize_message":"","jetpack_publicize_feature_enabled":true,"jetpack_social_post_already_shared":true,"jetpack_social_options":{"image_generator_settings":{"template":"highway","default_image_id":0,"font":"","enabled":false},"version":2}},"categories":[1,162],"tags":[168,166,163,167,165,164],"class_list":["post-900","post","type-post","status-publish","format-standard","has-post-thumbnail","hentry","category-eventos","category-sociologia","tag-arafat","tag-conflito","tag-esquerda","tag-hamas","tag-israel","tag-palestina-livre"],"jetpack_publicize_connections":[],"jetpack_featured_media_url":"https:\/\/i0.wp.com\/futuragora.org\/zeitgeist\/wp-content\/uploads\/2023\/11\/israel-palestine-handshakecopy2.jpg?fit=900%2C563&ssl=1","jetpack_sharing_enabled":true,"jetpack_shortlink":"https:\/\/wp.me\/pacB1n-ew","jetpack-related-posts":[],"_links":{"self":[{"href":"https:\/\/futuragora.org\/zeitgeist\/wp-json\/wp\/v2\/posts\/900","targetHints":{"allow":["GET"]}}],"collection":[{"href":"https:\/\/futuragora.org\/zeitgeist\/wp-json\/wp\/v2\/posts"}],"about":[{"href":"https:\/\/futuragora.org\/zeitgeist\/wp-json\/wp\/v2\/types\/post"}],"author":[{"embeddable":true,"href":"https:\/\/futuragora.org\/zeitgeist\/wp-json\/wp\/v2\/users\/7"}],"replies":[{"embeddable":true,"href":"https:\/\/futuragora.org\/zeitgeist\/wp-json\/wp\/v2\/comments?post=900"}],"version-history":[{"count":13,"href":"https:\/\/futuragora.org\/zeitgeist\/wp-json\/wp\/v2\/posts\/900\/revisions"}],"predecessor-version":[{"id":902,"href":"https:\/\/futuragora.org\/zeitgeist\/wp-json\/wp\/v2\/posts\/900\/revisions\/902"}],"wp:featuredmedia":[{"embeddable":true,"href":"https:\/\/futuragora.org\/zeitgeist\/wp-json\/wp\/v2\/media\/921"}],"wp:attachment":[{"href":"https:\/\/futuragora.org\/zeitgeist\/wp-json\/wp\/v2\/media?parent=900"}],"wp:term":[{"taxonomy":"category","embeddable":true,"href":"https:\/\/futuragora.org\/zeitgeist\/wp-json\/wp\/v2\/categories?post=900"},{"taxonomy":"post_tag","embeddable":true,"href":"https:\/\/futuragora.org\/zeitgeist\/wp-json\/wp\/v2\/tags?post=900"}],"curies":[{"name":"wp","href":"https:\/\/api.w.org\/{rel}","templated":true}]}}