{"id":677,"date":"2018-09-11T00:19:59","date_gmt":"2018-09-10T23:19:59","guid":{"rendered":"http:\/\/zeitgeist.pt\/blog\/?p=677"},"modified":"2018-09-11T00:21:33","modified_gmt":"2018-09-10T23:21:33","slug":"as-misteriosas-mumias-de-cabelos-vermelhos-da-costa-do-peru","status":"publish","type":"post","link":"https:\/\/futuragora.org\/zeitgeist\/2018\/09\/as-misteriosas-mumias-de-cabelos-vermelhos-da-costa-do-peru\/","title":{"rendered":"As Misteriosas M\u00famias De Cabelos Vermelhos Da Costa Do Peru"},"content":{"rendered":"<p>A \u00e1rea costeira do sul do Peru, especificamente Paracas e Nazca, tem evid\u00eancias que a maioria dos acad\u00eamicos n\u00e3o examinou, o fen\u00f4meno da exist\u00eancia de pessoas pr\u00e9-colombianas com cabelos ruivos.<\/p>\n<p><a href=\"https:\/\/i0.wp.com\/zeitgeist.pt\/blog\/wp-content\/uploads\/2018\/09\/skull-paracas.jpg\"><img data-recalc-dims=\"1\" loading=\"lazy\" decoding=\"async\" data-attachment-id=\"678\" data-permalink=\"https:\/\/futuragora.org\/zeitgeist\/2018\/09\/as-misteriosas-mumias-de-cabelos-vermelhos-da-costa-do-peru\/skull-paracas\/#main\" data-orig-file=\"https:\/\/i0.wp.com\/futuragora.org\/zeitgeist\/wp-content\/uploads\/2018\/09\/skull-paracas.jpg?fit=577%2C705&amp;ssl=1\" data-orig-size=\"577,705\" data-comments-opened=\"1\" data-image-meta=\"{&quot;aperture&quot;:&quot;0&quot;,&quot;credit&quot;:&quot;&quot;,&quot;camera&quot;:&quot;&quot;,&quot;caption&quot;:&quot;&quot;,&quot;created_timestamp&quot;:&quot;0&quot;,&quot;copyright&quot;:&quot;&quot;,&quot;focal_length&quot;:&quot;0&quot;,&quot;iso&quot;:&quot;0&quot;,&quot;shutter_speed&quot;:&quot;0&quot;,&quot;title&quot;:&quot;&quot;,&quot;orientation&quot;:&quot;0&quot;}\" data-image-title=\"skull-paracas\" data-image-description=\"\" data-image-caption=\"\" data-large-file=\"https:\/\/i0.wp.com\/futuragora.org\/zeitgeist\/wp-content\/uploads\/2018\/09\/skull-paracas.jpg?fit=577%2C705&amp;ssl=1\" class=\"size-thumbnail wp-image-678 alignright\" src=\"https:\/\/i0.wp.com\/zeitgeist.pt\/blog\/wp-content\/uploads\/2018\/09\/skull-paracas-150x150.jpg?resize=150%2C150\" alt=\"\" width=\"150\" height=\"150\" srcset=\"https:\/\/i0.wp.com\/futuragora.org\/zeitgeist\/wp-content\/uploads\/2018\/09\/skull-paracas.jpg?resize=150%2C150&amp;ssl=1 150w, https:\/\/i0.wp.com\/futuragora.org\/zeitgeist\/wp-content\/uploads\/2018\/09\/skull-paracas.jpg?zoom=2&amp;resize=150%2C150&amp;ssl=1 300w, https:\/\/i0.wp.com\/futuragora.org\/zeitgeist\/wp-content\/uploads\/2018\/09\/skull-paracas.jpg?zoom=3&amp;resize=150%2C150&amp;ssl=1 450w\" sizes=\"auto, (max-width: 150px) 100vw, 150px\" \/><\/a>Contra as alega\u00e7\u00f5es comuns, esta apar\u00eancia avermelhada ou at\u00e9 mesmo loira em v\u00e1rias m\u00famias e cr\u00e2nios, como o exemplo acima de uma pessoa Nazca no cemit\u00e9rio Chauchilla n\u00e3o \u00e9 o resultado da idade, clareamento solar, henna ou outro corante, mas mostra que alguns dos essas pessoas tinham cabelos geneticamente diferentes da maioria dos nativos americanos.<\/p>\n<p>O cabelo ruivo ocorre naturalmente em aproximadamente 1 a 2% da popula\u00e7\u00e3o humana. Ocorre com maior frequ\u00eancia (2\u20136%) em pessoas de ascend\u00eancia europeia do norte ou ocidental e com menor frequ\u00eancia em outras popula\u00e7\u00f5es. O cabelo vermelho aparece em pessoas com duas c\u00f3pias de um gene recessivo no cromossomo 16, que causa uma muta\u00e7\u00e3o na prote\u00edna MC1R. \u00c9 caracterizada por altos n\u00edveis do pigmento avermelhado de feomelanina e n\u00edveis relativamente baixos do pigmento escuro eumelanina.<\/p>\n<p><a href=\"https:\/\/i0.wp.com\/zeitgeist.pt\/blog\/wp-content\/uploads\/2018\/09\/P1012858copy-768x768.jpg\"><img data-recalc-dims=\"1\" loading=\"lazy\" decoding=\"async\" data-attachment-id=\"679\" data-permalink=\"https:\/\/futuragora.org\/zeitgeist\/2018\/09\/as-misteriosas-mumias-de-cabelos-vermelhos-da-costa-do-peru\/p1012858copy-768x768\/#main\" data-orig-file=\"https:\/\/i0.wp.com\/futuragora.org\/zeitgeist\/wp-content\/uploads\/2018\/09\/P1012858copy-768x768.jpg?fit=768%2C768&amp;ssl=1\" data-orig-size=\"768,768\" data-comments-opened=\"1\" data-image-meta=\"{&quot;aperture&quot;:&quot;0&quot;,&quot;credit&quot;:&quot;&quot;,&quot;camera&quot;:&quot;&quot;,&quot;caption&quot;:&quot;&quot;,&quot;created_timestamp&quot;:&quot;0&quot;,&quot;copyright&quot;:&quot;&quot;,&quot;focal_length&quot;:&quot;0&quot;,&quot;iso&quot;:&quot;0&quot;,&quot;shutter_speed&quot;:&quot;0&quot;,&quot;title&quot;:&quot;&quot;,&quot;orientation&quot;:&quot;0&quot;}\" data-image-title=\"P1012858copy-768&#215;768\" data-image-description=\"\" data-image-caption=\"\" data-large-file=\"https:\/\/i0.wp.com\/futuragora.org\/zeitgeist\/wp-content\/uploads\/2018\/09\/P1012858copy-768x768.jpg?fit=768%2C768&amp;ssl=1\" class=\"alignleft size-thumbnail wp-image-679\" src=\"https:\/\/i0.wp.com\/zeitgeist.pt\/blog\/wp-content\/uploads\/2018\/09\/P1012858copy-768x768-150x150.jpg?resize=150%2C150\" alt=\"\" width=\"150\" height=\"150\" srcset=\"https:\/\/i0.wp.com\/futuragora.org\/zeitgeist\/wp-content\/uploads\/2018\/09\/P1012858copy-768x768.jpg?resize=150%2C150&amp;ssl=1 150w, https:\/\/i0.wp.com\/futuragora.org\/zeitgeist\/wp-content\/uploads\/2018\/09\/P1012858copy-768x768.jpg?resize=300%2C300&amp;ssl=1 300w, https:\/\/i0.wp.com\/futuragora.org\/zeitgeist\/wp-content\/uploads\/2018\/09\/P1012858copy-768x768.jpg?resize=768%2C768&amp;ssl=1 768w\" sizes=\"auto, (max-width: 150px) 100vw, 150px\" \/><\/a>Notavelmente, a linhagem real da cultura Paracas, que precedeu a Nazca, tinha cabelos ruivos na maioria dos casos. Quando os Nazca se mudaram para o territ\u00f3rio de Paracas por volta de 100 dC, eles se acasalaram com o \u00faltimo, e evid\u00eancias crescentes sugerem que eles acabaram exterminando os Paracas reais. Essa evid\u00eancia, por exemplo, \u00e9 indicada pela quase completa aus\u00eancia de cr\u00e2nios alongados \/ deforma\u00e7\u00e3o craniana durante o per\u00edodo de Nazca e redu\u00e7\u00e3o da presen\u00e7a de cabelos ruivos.<\/p>\n<p>&nbsp;<\/p>\n","protected":false},"excerpt":{"rendered":"<p>A \u00e1rea costeira do sul do Peru, especificamente Paracas e Nazca, tem evid\u00eancias que a maioria dos acad\u00eamicos n\u00e3o examinou, o fen\u00f4meno da exist\u00eancia de pessoas pr\u00e9-colombianas com cabelos ruivos. Contra as alega\u00e7\u00f5es comuns, esta apar\u00eancia avermelhada ou at\u00e9 mesmo loira em v\u00e1rias m\u00famias e cr\u00e2nios, como o exemplo acima de uma pessoa Nazca no &#8230; <a title=\"As Misteriosas M\u00famias De Cabelos Vermelhos Da Costa Do Peru\" class=\"read-more\" href=\"https:\/\/futuragora.org\/zeitgeist\/2018\/09\/as-misteriosas-mumias-de-cabelos-vermelhos-da-costa-do-peru\/\" aria-label=\"Leia mais sobre As Misteriosas M\u00famias De Cabelos Vermelhos Da Costa Do Peru\">Ler mais<\/a><\/p>\n","protected":false},"author":1,"featured_media":679,"comment_status":"open","ping_status":"open","sticky":false,"template":"","format":"standard","meta":{"ngg_post_thumbnail":0,"jetpack_post_was_ever_published":false,"_jetpack_newsletter_access":"","_jetpack_dont_email_post_to_subs":false,"_jetpack_newsletter_tier_id":0,"_jetpack_memberships_contains_paywalled_content":false,"_jetpack_memberships_contains_paid_content":false,"footnotes":"","jetpack_publicize_message":"","jetpack_publicize_feature_enabled":true,"jetpack_social_post_already_shared":true,"jetpack_social_options":{"image_generator_settings":{"template":"highway","default_image_id":0,"font":"","enabled":false},"version":2}},"categories":[4],"tags":[119,118,117],"class_list":["post-677","post","type-post","status-publish","format-standard","has-post-thumbnail","hentry","category-noticias","tag-cabeca-alongada","tag-mumias","tag-peru"],"jetpack_publicize_connections":[],"jetpack_featured_media_url":"https:\/\/i0.wp.com\/futuragora.org\/zeitgeist\/wp-content\/uploads\/2018\/09\/P1012858copy-768x768.jpg?fit=768%2C768&ssl=1","jetpack_sharing_enabled":true,"jetpack_shortlink":"https:\/\/wp.me\/pacB1n-aV","jetpack-related-posts":[],"_links":{"self":[{"href":"https:\/\/futuragora.org\/zeitgeist\/wp-json\/wp\/v2\/posts\/677","targetHints":{"allow":["GET"]}}],"collection":[{"href":"https:\/\/futuragora.org\/zeitgeist\/wp-json\/wp\/v2\/posts"}],"about":[{"href":"https:\/\/futuragora.org\/zeitgeist\/wp-json\/wp\/v2\/types\/post"}],"author":[{"embeddable":true,"href":"https:\/\/futuragora.org\/zeitgeist\/wp-json\/wp\/v2\/users\/1"}],"replies":[{"embeddable":true,"href":"https:\/\/futuragora.org\/zeitgeist\/wp-json\/wp\/v2\/comments?post=677"}],"version-history":[{"count":1,"href":"https:\/\/futuragora.org\/zeitgeist\/wp-json\/wp\/v2\/posts\/677\/revisions"}],"predecessor-version":[{"id":680,"href":"https:\/\/futuragora.org\/zeitgeist\/wp-json\/wp\/v2\/posts\/677\/revisions\/680"}],"wp:featuredmedia":[{"embeddable":true,"href":"https:\/\/futuragora.org\/zeitgeist\/wp-json\/wp\/v2\/media\/679"}],"wp:attachment":[{"href":"https:\/\/futuragora.org\/zeitgeist\/wp-json\/wp\/v2\/media?parent=677"}],"wp:term":[{"taxonomy":"category","embeddable":true,"href":"https:\/\/futuragora.org\/zeitgeist\/wp-json\/wp\/v2\/categories?post=677"},{"taxonomy":"post_tag","embeddable":true,"href":"https:\/\/futuragora.org\/zeitgeist\/wp-json\/wp\/v2\/tags?post=677"}],"curies":[{"name":"wp","href":"https:\/\/api.w.org\/{rel}","templated":true}]}}