{"id":558,"date":"2018-08-12T08:18:04","date_gmt":"2018-08-12T07:18:04","guid":{"rendered":"http:\/\/www.zeitgeist.pt\/blog\/?p=558"},"modified":"2018-08-12T08:19:37","modified_gmt":"2018-08-12T07:19:37","slug":"um-tribunal-federal-ordenou-que-a-agencia-de-protecao-ambiental-epa-na-sigla-em-ingles-proiba-um-pesticida-amplamente-usado-relacionado-a-deficiencias-de-aprendizagem-em-criancas-a-decisao-disse","status":"publish","type":"post","link":"https:\/\/futuragora.org\/zeitgeist\/2018\/08\/um-tribunal-federal-ordenou-que-a-agencia-de-protecao-ambiental-epa-na-sigla-em-ingles-proiba-um-pesticida-amplamente-usado-relacionado-a-deficiencias-de-aprendizagem-em-criancas-a-decisao-disse\/","title":{"rendered":"EPA ordenou a proibi\u00e7\u00e3o de pesticidas ligados a dificuldades de aprendizagem"},"content":{"rendered":"<p>Um tribunal federal ordenou que a Ag\u00eancia de Prote\u00e7\u00e3o Ambiental (EPA, na sigla em ingl\u00eas) pro\u00edba um pesticida amplamente usado relacionado a defici\u00eancias de aprendizagem em crian\u00e7as.<\/p>\n<p>A decis\u00e3o disse que a EPA deve proibir o uso do pesticida, conhecido como clorpirifos, dentro de 60 dias.<\/p>\n<p>Sete estados e Washington DC tamb\u00e9m intervieram no caso para apoiar a proibi\u00e7\u00e3o.<\/p>\n<p><a href=\"https:\/\/i0.wp.com\/www.zeitgeist.pt\/blog\/wp-content\/uploads\/2018\/08\/spay.jpg\"><img data-recalc-dims=\"1\" loading=\"lazy\" decoding=\"async\" data-attachment-id=\"559\" data-permalink=\"https:\/\/futuragora.org\/zeitgeist\/2018\/08\/um-tribunal-federal-ordenou-que-a-agencia-de-protecao-ambiental-epa-na-sigla-em-ingles-proiba-um-pesticida-amplamente-usado-relacionado-a-deficiencias-de-aprendizagem-em-criancas-a-decisao-disse\/spay\/#main\" data-orig-file=\"https:\/\/i0.wp.com\/futuragora.org\/zeitgeist\/wp-content\/uploads\/2018\/08\/spay.jpg?fit=1736%2C1043&amp;ssl=1\" data-orig-size=\"1736,1043\" data-comments-opened=\"1\" data-image-meta=\"{&quot;aperture&quot;:&quot;0&quot;,&quot;credit&quot;:&quot;&quot;,&quot;camera&quot;:&quot;&quot;,&quot;caption&quot;:&quot;&quot;,&quot;created_timestamp&quot;:&quot;0&quot;,&quot;copyright&quot;:&quot;&quot;,&quot;focal_length&quot;:&quot;0&quot;,&quot;iso&quot;:&quot;0&quot;,&quot;shutter_speed&quot;:&quot;0&quot;,&quot;title&quot;:&quot;&quot;,&quot;orientation&quot;:&quot;0&quot;}\" data-image-title=\"spay\" data-image-description=\"\" data-image-caption=\"\" data-large-file=\"https:\/\/i0.wp.com\/futuragora.org\/zeitgeist\/wp-content\/uploads\/2018\/08\/spay.jpg?fit=1024%2C615&amp;ssl=1\" class=\"alignleft size-thumbnail wp-image-559\" src=\"https:\/\/i0.wp.com\/www.zeitgeist.pt\/blog\/wp-content\/uploads\/2018\/08\/spay-150x150.jpg?resize=150%2C150\" alt=\"\" width=\"150\" height=\"150\" srcset=\"https:\/\/i0.wp.com\/futuragora.org\/zeitgeist\/wp-content\/uploads\/2018\/08\/spay.jpg?resize=150%2C150&amp;ssl=1 150w, https:\/\/i0.wp.com\/futuragora.org\/zeitgeist\/wp-content\/uploads\/2018\/08\/spay.jpg?zoom=2&amp;resize=150%2C150&amp;ssl=1 300w, https:\/\/i0.wp.com\/futuragora.org\/zeitgeist\/wp-content\/uploads\/2018\/08\/spay.jpg?zoom=3&amp;resize=150%2C150&amp;ssl=1 450w\" sizes=\"auto, (max-width: 150px) 100vw, 150px\" \/><\/a>A corte descobriu que estudos mostraram que crian\u00e7as expostas antes do nascimento a baixas doses do produto, inicialmente desenvolvidas como g\u00e1s nervoso durante a Segunda Guerra Mundial, reduziram o QI, o dist\u00farbio de d\u00e9ficit de aten\u00e7\u00e3o e o atraso no desenvolvimento motor, mas a EPA \u201cequivocou e atrasou\u201d. os anos em proibir isso.<\/p>\n<p>&#8220;Ao longo de quase duas d\u00e9cadas, a Ag\u00eancia de Prote\u00e7\u00e3o Ambiental dos EUA documentou os prov\u00e1veis \u200b\u200befeitos adversos dos alimentos contendo o res\u00edduo do pesticida chlorpyrifos no desenvolvimento f\u00edsico e mental de beb\u00eas e crian\u00e7as americanas, muitas vezes durando at\u00e9 a idade adulta&#8221;, escreveu o juiz Jed Rakoff. decis\u00e3o. \u201cEm tais circunst\u00e2ncias, a lei federal ordena que o EPA pro\u00edba que tal pesticida seja usado em produtos aliment\u00edcios\u201d.<\/p>\n","protected":false},"excerpt":{"rendered":"<p>Um tribunal federal ordenou que a Ag\u00eancia de Prote\u00e7\u00e3o Ambiental (EPA, na sigla em ingl\u00eas) pro\u00edba um pesticida amplamente usado relacionado a defici\u00eancias de aprendizagem em crian\u00e7as. A decis\u00e3o disse que a EPA deve proibir o uso do pesticida, conhecido como clorpirifos, dentro de 60 dias. Sete estados e Washington DC tamb\u00e9m intervieram no caso &#8230; <a title=\"EPA ordenou a proibi\u00e7\u00e3o de pesticidas ligados a dificuldades de aprendizagem\" class=\"read-more\" href=\"https:\/\/futuragora.org\/zeitgeist\/2018\/08\/um-tribunal-federal-ordenou-que-a-agencia-de-protecao-ambiental-epa-na-sigla-em-ingles-proiba-um-pesticida-amplamente-usado-relacionado-a-deficiencias-de-aprendizagem-em-criancas-a-decisao-disse\/\" aria-label=\"Leia mais sobre EPA ordenou a proibi\u00e7\u00e3o de pesticidas ligados a dificuldades de aprendizagem\">Ler mais<\/a><\/p>\n","protected":false},"author":1,"featured_media":0,"comment_status":"open","ping_status":"open","sticky":false,"template":"","format":"standard","meta":{"ngg_post_thumbnail":0,"jetpack_post_was_ever_published":false,"_jetpack_newsletter_access":"","_jetpack_dont_email_post_to_subs":false,"_jetpack_newsletter_tier_id":0,"_jetpack_memberships_contains_paywalled_content":false,"_jetpack_memberships_contains_paid_content":false,"footnotes":"","jetpack_publicize_message":"","jetpack_publicize_feature_enabled":true,"jetpack_social_post_already_shared":false,"jetpack_social_options":{"image_generator_settings":{"template":"highway","default_image_id":0,"font":"","enabled":false},"version":2}},"categories":[84],"tags":[],"class_list":["post-558","post","type-post","status-publish","format-standard","hentry","category-ecologia"],"jetpack_publicize_connections":[],"jetpack_featured_media_url":"","jetpack_sharing_enabled":true,"jetpack_shortlink":"https:\/\/wp.me\/pacB1n-90","jetpack-related-posts":[],"_links":{"self":[{"href":"https:\/\/futuragora.org\/zeitgeist\/wp-json\/wp\/v2\/posts\/558","targetHints":{"allow":["GET"]}}],"collection":[{"href":"https:\/\/futuragora.org\/zeitgeist\/wp-json\/wp\/v2\/posts"}],"about":[{"href":"https:\/\/futuragora.org\/zeitgeist\/wp-json\/wp\/v2\/types\/post"}],"author":[{"embeddable":true,"href":"https:\/\/futuragora.org\/zeitgeist\/wp-json\/wp\/v2\/users\/1"}],"replies":[{"embeddable":true,"href":"https:\/\/futuragora.org\/zeitgeist\/wp-json\/wp\/v2\/comments?post=558"}],"version-history":[{"count":2,"href":"https:\/\/futuragora.org\/zeitgeist\/wp-json\/wp\/v2\/posts\/558\/revisions"}],"predecessor-version":[{"id":561,"href":"https:\/\/futuragora.org\/zeitgeist\/wp-json\/wp\/v2\/posts\/558\/revisions\/561"}],"wp:attachment":[{"href":"https:\/\/futuragora.org\/zeitgeist\/wp-json\/wp\/v2\/media?parent=558"}],"wp:term":[{"taxonomy":"category","embeddable":true,"href":"https:\/\/futuragora.org\/zeitgeist\/wp-json\/wp\/v2\/categories?post=558"},{"taxonomy":"post_tag","embeddable":true,"href":"https:\/\/futuragora.org\/zeitgeist\/wp-json\/wp\/v2\/tags?post=558"}],"curies":[{"name":"wp","href":"https:\/\/api.w.org\/{rel}","templated":true}]}}