{"id":534,"date":"2017-10-07T01:28:20","date_gmt":"2017-10-07T00:28:20","guid":{"rendered":"http:\/\/www.zeitgeist.pt\/blog\/?p=534"},"modified":"2017-10-07T01:28:44","modified_gmt":"2017-10-07T00:28:44","slug":"orcas-na-costa-da-caparica","status":"publish","type":"post","link":"https:\/\/futuragora.org\/zeitgeist\/2017\/10\/orcas-na-costa-da-caparica\/","title":{"rendered":"Orcas na Costa da Caparica"},"content":{"rendered":"<p>Foram avistadas esta quarta-feira oito orcas ao largo da Costa da Caparica e da Fonte da Telha. Estes mam\u00edferos encontram-se em todos os oceanos, mas raramente s\u00e3o vistos t\u00e3o pr\u00f3ximo da costa. Foram vistos a 4 de outubro, no dia em que se comemora o Dia Mundial dos Animais.<\/p>\n<p>As orcas foram vistas na Costa da Caparica. Momento raro foi filmado.<\/p>\n<p>Fonte: <a href=\"https:\/\/www.dn.pt\/sociedade\/interior\/nunca-vi-nada-assim-orcas-avistadas-na-costa-portuguesa-8824288.html\">dn.pt<\/a><\/p>\n","protected":false},"excerpt":{"rendered":"<p>Foram avistadas esta quarta-feira oito orcas ao largo da Costa da Caparica e da Fonte da Telha. Estes mam\u00edferos encontram-se em todos os oceanos, mas raramente s\u00e3o vistos t\u00e3o pr\u00f3ximo da costa. Foram vistos a 4 de outubro, no dia em que se comemora o Dia Mundial dos Animais. As orcas foram vistas na Costa &#8230; <a title=\"Orcas na Costa da Caparica\" class=\"read-more\" href=\"https:\/\/futuragora.org\/zeitgeist\/2017\/10\/orcas-na-costa-da-caparica\/\" aria-label=\"Leia mais sobre Orcas na Costa da Caparica\">Ler mais<\/a><\/p>\n","protected":false},"author":1,"featured_media":0,"comment_status":"open","ping_status":"open","sticky":false,"template":"","format":"standard","meta":{"ngg_post_thumbnail":0,"jetpack_post_was_ever_published":false,"_jetpack_newsletter_access":"","_jetpack_dont_email_post_to_subs":false,"_jetpack_newsletter_tier_id":0,"_jetpack_memberships_contains_paywalled_content":false,"_jetpack_memberships_contains_paid_content":false,"footnotes":"","jetpack_publicize_message":"","jetpack_publicize_feature_enabled":true,"jetpack_social_post_already_shared":false,"jetpack_social_options":{"image_generator_settings":{"template":"highway","default_image_id":0,"font":"","enabled":false},"version":2}},"categories":[84],"tags":[],"class_list":["post-534","post","type-post","status-publish","format-standard","hentry","category-ecologia"],"jetpack_publicize_connections":[],"jetpack_featured_media_url":"","jetpack_sharing_enabled":true,"jetpack_shortlink":"https:\/\/wp.me\/pacB1n-8C","jetpack-related-posts":[],"_links":{"self":[{"href":"https:\/\/futuragora.org\/zeitgeist\/wp-json\/wp\/v2\/posts\/534","targetHints":{"allow":["GET"]}}],"collection":[{"href":"https:\/\/futuragora.org\/zeitgeist\/wp-json\/wp\/v2\/posts"}],"about":[{"href":"https:\/\/futuragora.org\/zeitgeist\/wp-json\/wp\/v2\/types\/post"}],"author":[{"embeddable":true,"href":"https:\/\/futuragora.org\/zeitgeist\/wp-json\/wp\/v2\/users\/1"}],"replies":[{"embeddable":true,"href":"https:\/\/futuragora.org\/zeitgeist\/wp-json\/wp\/v2\/comments?post=534"}],"version-history":[{"count":2,"href":"https:\/\/futuragora.org\/zeitgeist\/wp-json\/wp\/v2\/posts\/534\/revisions"}],"predecessor-version":[{"id":536,"href":"https:\/\/futuragora.org\/zeitgeist\/wp-json\/wp\/v2\/posts\/534\/revisions\/536"}],"wp:attachment":[{"href":"https:\/\/futuragora.org\/zeitgeist\/wp-json\/wp\/v2\/media?parent=534"}],"wp:term":[{"taxonomy":"category","embeddable":true,"href":"https:\/\/futuragora.org\/zeitgeist\/wp-json\/wp\/v2\/categories?post=534"},{"taxonomy":"post_tag","embeddable":true,"href":"https:\/\/futuragora.org\/zeitgeist\/wp-json\/wp\/v2\/tags?post=534"}],"curies":[{"name":"wp","href":"https:\/\/api.w.org\/{rel}","templated":true}]}}