{"id":467,"date":"2013-03-02T19:52:44","date_gmt":"2013-03-02T19:52:44","guid":{"rendered":"http:\/\/www.zeitgeist.pt\/?p=467"},"modified":"2013-03-02T19:54:14","modified_gmt":"2013-03-02T19:54:14","slug":"velocidade_buraco_negro","status":"publish","type":"post","link":"https:\/\/futuragora.org\/zeitgeist\/2013\/03\/velocidade_buraco_negro\/","title":{"rendered":"Astr\u00f3nomos calculam velocidade de um buraco negro"},"content":{"rendered":"<p><strong><a href=\"https:\/\/i0.wp.com\/www.zeitgeist.pt\/wp-content\/uploads\/2013\/03\/Blackhole.jpg\"><img data-recalc-dims=\"1\" loading=\"lazy\" decoding=\"async\" data-attachment-id=\"468\" data-permalink=\"https:\/\/futuragora.org\/zeitgeist\/2013\/03\/velocidade_buraco_negro\/blackhole\/#main\" data-orig-file=\"https:\/\/i0.wp.com\/futuragora.org\/zeitgeist\/wp-content\/uploads\/2013\/03\/Blackhole.jpg?fit=300%2C240&amp;ssl=1\" data-orig-size=\"300,240\" data-comments-opened=\"1\" data-image-meta=\"{&quot;aperture&quot;:&quot;0&quot;,&quot;credit&quot;:&quot;&quot;,&quot;camera&quot;:&quot;&quot;,&quot;caption&quot;:&quot;&quot;,&quot;created_timestamp&quot;:&quot;0&quot;,&quot;copyright&quot;:&quot;&quot;,&quot;focal_length&quot;:&quot;0&quot;,&quot;iso&quot;:&quot;0&quot;,&quot;shutter_speed&quot;:&quot;0&quot;,&quot;title&quot;:&quot;&quot;}\" data-image-title=\"Blackhole\" data-image-description=\"\" data-image-caption=\"\" data-large-file=\"https:\/\/i0.wp.com\/futuragora.org\/zeitgeist\/wp-content\/uploads\/2013\/03\/Blackhole.jpg?fit=300%2C240&amp;ssl=1\" class=\"alignleft size-full wp-image-468\" alt=\"Blackhole\" src=\"https:\/\/i0.wp.com\/www.zeitgeist.pt\/wp-content\/uploads\/2013\/03\/Blackhole.jpg?resize=300%2C240\" width=\"300\" height=\"240\" \/><\/a>Pela primeira vez, astr\u00f3nomos conseguiram calcular a rota\u00e7\u00e3o de um buraco negro super-maci\u00e7o. A esfera com mais de dois milh\u00f5es de quil\u00f3metros de di\u00e2metro, oito vezes a dist\u00e2ncia da Terra \u00e0 Lua, est\u00e1 no centro da gal\u00e1xia &#8216;NGC 1365&#8217; e gira t\u00e3o r\u00e1pido que a sua superf\u00edcie est\u00e1 a viajar no espa\u00e7o quase \u00e0 velocidade da luz.<\/strong><\/p>\n<p>A medi\u00e7\u00e3o de rota\u00e7\u00e3o d\u00e1 pistas preciosas sobre como o buraco negro cresceu e alcan\u00e7ou o estatuto de super-maci\u00e7o, o maior tipo de buraco negro. Esse crescimento influencia a evolu\u00e7\u00e3o das gal\u00e1xias, pelo que esse simples n\u00famero pode ensinar muito aos cientistas.<\/p>\n<p>Investigadores do Centro de Astrof\u00edsica (CfA, sigla em ingl\u00eas) da Universidade de Harvard, nos EUA, utilizaram novos dados recolhidos por dois sat\u00e9lites espaciais, NUSTAR e XMM-Newton, para calcular a impressionante taxa de rota\u00e7\u00e3o. O estudo foi publicado hoje na revista cient\u00edfica Nature.<\/p>\n<p>&#8220;Esta \u00e9 a primeira vez que algu\u00e9m mediu com precis\u00e3o a rota\u00e7\u00e3o de um buraco negro super-maci\u00e7o&#8221;, disse o autor principal do estudo, Guido Risaliti, num comunicado do CfA. Os buracos negros s\u00e3o extremamente dif\u00edceis de estudar, pois muito do que a astronomia observa depende da dete\u00e7\u00e3o da luz.<\/p>\n<p>A gravidade de um buraco negro \u00e9 t\u00e3o forte que, enquanto ele gira, ele arrasta o espa\u00e7o circundante junto. A borda do buraco girat\u00f3rio \u00e9 chamada &#8216;horizonte de eventos&#8217;. Qualquer mat\u00e9ria que cruze o horizonte de eventos \u00e9 sugado para o interior do buraco.<\/p>\n<p>A rota\u00e7\u00e3o do objeto espacial interessa aos astr\u00f3nomos por v\u00e1rias raz\u00f5es. A primeira \u00e9 f\u00edsica, pois apenas duas medidas conseguem definir um buraco negro: a sua massa e a sua rota\u00e7\u00e3o. Os estudiosos explicam que ao chegar a esses dois n\u00fameros, fica-se a saber tudo o que h\u00e1 para saber sobre o buraco negro.<\/p>\n<p>Mais importante ainda, a rota\u00e7\u00e3o do buraco negro d\u00e1 pistas sobre o seu passado e, por extens\u00e3o, da evolu\u00e7\u00e3o da gal\u00e1xia em que est\u00e1 hospedado.<\/p>\n<p>&#8220;A rota\u00e7\u00e3o do buraco negro \u00e9 uma mem\u00f3ria, um registo, da hist\u00f3ria da gal\u00e1xia como um todo&#8221;, explicou Risaliti.<\/p>\n<p>Embora o buraco negro no centro da gal\u00e1xia NGC 1365 seja t\u00e3o grande atualmente, como v\u00e1rios milh\u00f5es de S\u00f3is, n\u00e3o nasceu desse tamanho. Cresceu ao longo de mil milh\u00f5es de anos pela absor\u00e7\u00e3o de estrelas e g\u00e1s, e mediante \u00e0 fus\u00e3o com outros buracos negros.<\/p>\n<p>A equipa de cientistas tamb\u00e9m tem observa\u00e7\u00f5es adicionais da NGC 1365 que vai estudar para determinar como outras condi\u00e7\u00f5es, al\u00e9m da mudan\u00e7a de rota\u00e7\u00e3o do buraco negro, mudam ao longo do tempo. Esses dados ainda est\u00e3o a ser analisados. Ao mesmo tempo, outras equipas est\u00e3o a observar v\u00e1rios outros buracos negros super-maci\u00e7os com os sat\u00e9lites espaciais NUSTAR e XMM-Newton.<\/p>\n<p>Fonte: <a href=\"http:\/\/www.dn.pt\">Di\u00e1rio de Not\u00edcias<\/a><br \/>\n<a href=\"http:\/\/www.dn.pt\/inicio\/ciencia\/interior.aspx?content_id=3080153&amp;page=2\">Artigo<\/a><\/p>\n","protected":false},"excerpt":{"rendered":"<p>Pela primeira vez, astr\u00f3nomos conseguiram calcular a rota\u00e7\u00e3o de um buraco negro super-maci\u00e7o. A esfera com mais de dois milh\u00f5es de quil\u00f3metros de di\u00e2metro, oito vezes a dist\u00e2ncia da Terra \u00e0 Lua, est\u00e1 no centro da gal\u00e1xia &#8216;NGC 1365&#8217; e gira t\u00e3o r\u00e1pido que a sua superf\u00edcie est\u00e1 a viajar no espa\u00e7o quase \u00e0 velocidade &#8230; <a title=\"Astr\u00f3nomos calculam velocidade de um buraco negro\" class=\"read-more\" href=\"https:\/\/futuragora.org\/zeitgeist\/2013\/03\/velocidade_buraco_negro\/\" aria-label=\"Leia mais sobre Astr\u00f3nomos calculam velocidade de um buraco negro\">Ler mais<\/a><\/p>\n","protected":false},"author":1,"featured_media":468,"comment_status":"open","ping_status":"open","sticky":false,"template":"","format":"standard","meta":{"ngg_post_thumbnail":0,"jetpack_post_was_ever_published":false,"_jetpack_newsletter_access":"","_jetpack_dont_email_post_to_subs":false,"_jetpack_newsletter_tier_id":0,"_jetpack_memberships_contains_paywalled_content":false,"_jetpack_memberships_contains_paid_content":false,"footnotes":"","jetpack_publicize_message":"","jetpack_publicize_feature_enabled":true,"jetpack_social_post_already_shared":false,"jetpack_social_options":{"image_generator_settings":{"template":"highway","default_image_id":0,"font":"","enabled":false},"version":2}},"categories":[1,4],"tags":[75,78,77,76],"class_list":["post-467","post","type-post","status-publish","format-standard","has-post-thumbnail","hentry","category-eventos","category-noticias","tag-buraco-nergo","tag-planetas","tag-sol","tag-stronomia"],"jetpack_publicize_connections":[],"jetpack_featured_media_url":"https:\/\/i0.wp.com\/futuragora.org\/zeitgeist\/wp-content\/uploads\/2013\/03\/Blackhole.jpg?fit=300%2C240&ssl=1","jetpack_sharing_enabled":true,"jetpack_shortlink":"https:\/\/wp.me\/pacB1n-7x","jetpack-related-posts":[],"_links":{"self":[{"href":"https:\/\/futuragora.org\/zeitgeist\/wp-json\/wp\/v2\/posts\/467","targetHints":{"allow":["GET"]}}],"collection":[{"href":"https:\/\/futuragora.org\/zeitgeist\/wp-json\/wp\/v2\/posts"}],"about":[{"href":"https:\/\/futuragora.org\/zeitgeist\/wp-json\/wp\/v2\/types\/post"}],"author":[{"embeddable":true,"href":"https:\/\/futuragora.org\/zeitgeist\/wp-json\/wp\/v2\/users\/1"}],"replies":[{"embeddable":true,"href":"https:\/\/futuragora.org\/zeitgeist\/wp-json\/wp\/v2\/comments?post=467"}],"version-history":[{"count":5,"href":"https:\/\/futuragora.org\/zeitgeist\/wp-json\/wp\/v2\/posts\/467\/revisions"}],"predecessor-version":[{"id":473,"href":"https:\/\/futuragora.org\/zeitgeist\/wp-json\/wp\/v2\/posts\/467\/revisions\/473"}],"wp:featuredmedia":[{"embeddable":true,"href":"https:\/\/futuragora.org\/zeitgeist\/wp-json\/wp\/v2\/media\/468"}],"wp:attachment":[{"href":"https:\/\/futuragora.org\/zeitgeist\/wp-json\/wp\/v2\/media?parent=467"}],"wp:term":[{"taxonomy":"category","embeddable":true,"href":"https:\/\/futuragora.org\/zeitgeist\/wp-json\/wp\/v2\/categories?post=467"},{"taxonomy":"post_tag","embeddable":true,"href":"https:\/\/futuragora.org\/zeitgeist\/wp-json\/wp\/v2\/tags?post=467"}],"curies":[{"name":"wp","href":"https:\/\/api.w.org\/{rel}","templated":true}]}}