{"id":336,"date":"2012-09-18T23:49:24","date_gmt":"2012-09-18T22:49:24","guid":{"rendered":"http:\/\/www.zeitgeist.pt\/?p=336"},"modified":"2012-09-18T23:50:43","modified_gmt":"2012-09-18T22:50:43","slug":"adn-do-rosto","status":"publish","type":"post","link":"https:\/\/futuragora.org\/zeitgeist\/2012\/09\/adn-do-rosto\/","title":{"rendered":"ADN determina a forma do rosto"},"content":{"rendered":"<p>Chegou a hora de ficar paran\u00f3ico sobre deixar o seu ADN em todo o lugar, como osgeneticistas est\u00e3o mais perto de ser capaz de determinar como o seu rosto parece simplesmente <a href=\"http:\/\/translate.googleusercontent.com\/translate_c?depth=1&amp;hl=pt&amp;rurl=translate.google.com&amp;sl=auto&amp;tl=pt&amp;twu=1&amp;u=http:\/\/dvice.com\/archives\/2012\/02\/this-little-usb.php&amp;usg=ALkJrhg52k8KSCNPcUsP01pXygVS51NsGw\">analisando o seu c\u00f3digo gen\u00e9tico<\/a>. <a name=\"more\"><\/a><\/p>\n<p>Se acredita em natureza ou a cria\u00e7\u00e3o, a estrutura f\u00edsica do seu corpo \u00e9 definido quase inteiramente por seus genes. Haver\u00e1 alguma varia\u00e7\u00e3o, \u00e9 claro, dependendo da sua idade, seu peso, como tratar de si mesmo, e quantas vezes levou um soco no rosto, mas coisas como o espa\u00e7o entre os olhos, a altura de suas ma\u00e7\u00e3s do rosto, e do tamanho do seu nariz s\u00e3o todos pr\u00e9-definida e codificada em seu DNA. \u00c9 por isso que os g\u00eameos podem parecer id\u00eanticos, e tamb\u00e9m por isso \u00e9 que os irm\u00e3os podem ser semelhantes: t\u00eam gen\u00e9tica compartilhada.<\/p>\n<p><a href=\"https:\/\/i0.wp.com\/www.zeitgeist.pt\/wp-content\/uploads\/2012\/09\/genetic_markers-thumb-550xauto-100694.jpg\"><img data-recalc-dims=\"1\" loading=\"lazy\" decoding=\"async\" title=\"genetic_markers-thumb-550xauto-100694\" src=\"https:\/\/i0.wp.com\/www.zeitgeist.pt\/wp-content\/uploads\/2012\/09\/genetic_markers-thumb-550xauto-100694-300x281.jpg?resize=300%2C281\" alt=\"\" width=\"300\" height=\"281\" \/><\/a><\/p>\n<p>M\u00e9todos para descobrir a cor dos olhos, cor do cabelo e cor da pele do ADN s\u00e3o muito bem estabelecidos, e os geneticistas est\u00e3o agora a trabalhar no pr\u00f3ximo passo, que \u00e9 a extrac\u00e7\u00e3o dos locais de &#8220;marcos faciais&#8221; a partir de uma amostra de ADN e us\u00e1-las para reconstruir a forma do rosto de algu\u00e9m a partir de seu c\u00f3digo gen\u00e9tico sozinho. Devemos salientar que esta pesquisa \u00e9 muito, muito preliminar, mas tamb\u00e9m devemos real\u00e7ar que <em>houve<\/em> alguns resultados, ainda que pequenos efeitos correlacionados com um n\u00famero limitado de genes.<\/p>\n<p>Por exemplo, os pesquisadores descobriram que um gene chamado TP63 foi um preditor da diferen\u00e7a entre os centros de cada \u00f3rbita ocular sendo mais estreito por cerca de nove mil\u00edmetros. Um gene chamado PRDM16 est\u00e1 associado com a largura e altura do nariz o nariz, enquanto que um gene chamado PAX3 influencia a posi\u00e7\u00e3o da ponte do nariz. Todas estas coisas s\u00e3o mensur\u00e1veis \u200b\u200be previs\u00edveis, e n\u00e3o ter nada mais do que (digamos) uma amostra de sangue de uma cena de crime.<\/p>\n<p>Mais uma vez, toda esta pesquisa \u00e9 muito preliminar, e n\u00e3o temos informa\u00e7\u00f5es sobre genes quase o suficiente para criar uma imagem com precis\u00e3o toda facial. Ainda. Mas esta pesquisa mostra que provavelmente vai ser poss\u00edvel pelo menos, criar uma esp\u00e9cie de esbo\u00e7o do artista da estrutura b\u00e1sica de algu\u00e9m facial, cor dos olhos, cor de cabelo e cor da pele, s\u00f3 a partir de uma amostra de seu ADN.<\/p>\n<p>&nbsp;<\/p>\n<p><strong>Fonte:<\/strong> http:\/\/dvice.com\/archives\/2012\/09\/dna-analysis-co.php<\/p>\n","protected":false},"excerpt":{"rendered":"<p>Chegou a hora de ficar paran\u00f3ico sobre deixar o seu ADN em todo o lugar, como osgeneticistas est\u00e3o mais perto de ser capaz de determinar como o seu rosto parece simplesmente analisando o seu c\u00f3digo gen\u00e9tico. Se acredita em natureza ou a cria\u00e7\u00e3o, a estrutura f\u00edsica do seu corpo \u00e9 definido quase inteiramente por seus &#8230; <a title=\"ADN determina a forma do rosto\" class=\"read-more\" href=\"https:\/\/futuragora.org\/zeitgeist\/2012\/09\/adn-do-rosto\/\" aria-label=\"Leia mais sobre ADN determina a forma do rosto\">Ler mais<\/a><\/p>\n","protected":false},"author":1,"featured_media":337,"comment_status":"open","ping_status":"open","sticky":false,"template":"","format":"standard","meta":{"ngg_post_thumbnail":0,"jetpack_post_was_ever_published":false,"_jetpack_newsletter_access":"","_jetpack_dont_email_post_to_subs":false,"_jetpack_newsletter_tier_id":0,"_jetpack_memberships_contains_paywalled_content":false,"_jetpack_memberships_contains_paid_content":false,"footnotes":"","jetpack_publicize_message":"","jetpack_publicize_feature_enabled":true,"jetpack_social_post_already_shared":false,"jetpack_social_options":{"image_generator_settings":{"template":"highway","default_image_id":0,"font":"","enabled":false},"version":2}},"categories":[10],"tags":[13,15,14,17,16],"class_list":["post-336","post","type-post","status-publish","format-standard","has-post-thumbnail","hentry","category-tecnologias","tag-adn","tag-genes","tag-genetica","tag-reconhecimento-facial","tag-rosto"],"jetpack_publicize_connections":[],"jetpack_featured_media_url":"https:\/\/i0.wp.com\/futuragora.org\/zeitgeist\/wp-content\/uploads\/2012\/09\/genetic_markers-thumb-550xauto-100694.jpg?fit=550%2C516&ssl=1","jetpack_sharing_enabled":true,"jetpack_shortlink":"https:\/\/wp.me\/pacB1n-5q","jetpack-related-posts":[],"_links":{"self":[{"href":"https:\/\/futuragora.org\/zeitgeist\/wp-json\/wp\/v2\/posts\/336","targetHints":{"allow":["GET"]}}],"collection":[{"href":"https:\/\/futuragora.org\/zeitgeist\/wp-json\/wp\/v2\/posts"}],"about":[{"href":"https:\/\/futuragora.org\/zeitgeist\/wp-json\/wp\/v2\/types\/post"}],"author":[{"embeddable":true,"href":"https:\/\/futuragora.org\/zeitgeist\/wp-json\/wp\/v2\/users\/1"}],"replies":[{"embeddable":true,"href":"https:\/\/futuragora.org\/zeitgeist\/wp-json\/wp\/v2\/comments?post=336"}],"version-history":[{"count":4,"href":"https:\/\/futuragora.org\/zeitgeist\/wp-json\/wp\/v2\/posts\/336\/revisions"}],"predecessor-version":[{"id":341,"href":"https:\/\/futuragora.org\/zeitgeist\/wp-json\/wp\/v2\/posts\/336\/revisions\/341"}],"wp:featuredmedia":[{"embeddable":true,"href":"https:\/\/futuragora.org\/zeitgeist\/wp-json\/wp\/v2\/media\/337"}],"wp:attachment":[{"href":"https:\/\/futuragora.org\/zeitgeist\/wp-json\/wp\/v2\/media?parent=336"}],"wp:term":[{"taxonomy":"category","embeddable":true,"href":"https:\/\/futuragora.org\/zeitgeist\/wp-json\/wp\/v2\/categories?post=336"},{"taxonomy":"post_tag","embeddable":true,"href":"https:\/\/futuragora.org\/zeitgeist\/wp-json\/wp\/v2\/tags?post=336"}],"curies":[{"name":"wp","href":"https:\/\/api.w.org\/{rel}","templated":true}]}}