{"id":192,"date":"2012-05-30T15:44:19","date_gmt":"2012-05-30T14:44:19","guid":{"rendered":"http:\/\/www.zeitgeistportugal.com\/?p=192"},"modified":"2012-12-04T00:00:19","modified_gmt":"2012-12-04T00:00:19","slug":"bicileta-voadora","status":"publish","type":"post","link":"https:\/\/futuragora.org\/zeitgeist\/2012\/05\/bicileta-voadora\/","title":{"rendered":"Bicileta Voadora"},"content":{"rendered":"<p>&nbsp;<\/p>\n<div><a href=\"http:\/\/www.zeitgeistportugal.com\/wp-content\/uploads\/2012\/05\/bicla-voadora-1.bmp\"><img decoding=\"async\" data-attachment-id=\"193\" data-permalink=\"https:\/\/futuragora.org\/zeitgeist\/2012\/05\/bicileta-voadora\/bicla-voadora-1\/#main\" data-orig-file=\"https:\/\/futuragora.org\/zeitgeist\/wp-content\/uploads\/2012\/05\/bicla-voadora-1.bmp\" data-orig-size=\"\" data-comments-opened=\"1\" data-image-meta=\"[]\" data-image-title=\"bicla voadora 1\" data-image-description=\"\" data-image-caption=\"\" data-large-file=\"https:\/\/futuragora.org\/zeitgeist\/wp-content\/uploads\/2012\/05\/bicla-voadora-1.bmp\" class=\"alignleft size-full wp-image-193\" title=\"bicla voadora 1\" src=\"http:\/\/www.zeitgeist.pt\/wp-content\/uploads\/2012\/05\/bicla-voadora-1.bmp\" alt=\"\" \/><\/a><br clear=\"all\" \/><\/p>\n<div>[Imagens:\u00a0Technodat]<\/div>\n<div>O ocupante poder\u00e1 at\u00e9 pedalar se quiser, mas a energia para fazer a bicicleta voar vir\u00e1 de baterias.<\/div>\n<\/div>\n<p><strong>Camicleta<\/strong><\/p>\n<p>Em uma s\u00e9rie de grande audi\u00eancia na TV brasileira nos anos 1970, os her\u00f3is Shazan (Paulo Jos\u00e9) e Xerife (Fl\u00e1vio Migliaccio) percorriam o pa\u00eds em busca da realiza\u00e7\u00e3o do seu sonho: a constru\u00e7\u00e3o de uma bicicleta voadora.<\/p>\n<p>Eles nunca conseguiram voar em seu aparelho, mas os f\u00e3s da s\u00e9rie agora podem se deleitar com um projeto com maiores possibilidades de realiza\u00e7\u00e3o.<\/p>\n<p>Um cons\u00f3rcio formado por tr\u00eas empresas tchecas apresentou o conceito de uma bicicleta el\u00e9trica voadora, que a empresa planeja construir para entretenimento.<\/p>\n<p>Segundo os projetistas, a bicicleta voadora ser\u00e1 capaz de fazer voos curtos, a uma altura m\u00e1xima de cinco metros.<\/p>\n<p>A seguran\u00e7a ser\u00e1 garantida desde que o voo seja feito &#8220;longe de cabos el\u00e9tricos&#8221;.<\/p>\n<div><br clear=\"all\" \/><\/p>\n<div>A bicicleta el\u00e9trica voadora ter\u00e1 uma pot\u00eancia de 47 kW.<\/div>\n<div><a href=\"http:\/\/www.zeitgeistportugal.com\/wp-content\/uploads\/2012\/05\/bicla-voadora-2.bmp\"><img loading=\"lazy\" decoding=\"async\" data-attachment-id=\"194\" data-permalink=\"https:\/\/futuragora.org\/zeitgeist\/2012\/05\/bicileta-voadora\/bicla-voadora-2\/#main\" data-orig-file=\"https:\/\/futuragora.org\/zeitgeist\/wp-content\/uploads\/2012\/05\/bicla-voadora-2.bmp\" data-orig-size=\"\" data-comments-opened=\"1\" data-image-meta=\"[]\" data-image-title=\"bicla voadora 2\" data-image-description=\"\" data-image-caption=\"\" data-large-file=\"https:\/\/futuragora.org\/zeitgeist\/wp-content\/uploads\/2012\/05\/bicla-voadora-2.bmp\" class=\"alignleft size-full wp-image-194\" title=\"bicla voadora 2\" src=\"http:\/\/www.zeitgeist.pt\/wp-content\/uploads\/2012\/05\/bicla-voadora-2.bmp\" alt=\"\" width=\"350\" height=\"245\" \/><\/a><\/div>\n<\/div>\n<p><strong>Bicicleta el\u00e9trica voadora<\/strong><\/p>\n<p>O projeto prev\u00ea uma pot\u00eancia de 47 kW, o que seria suficiente para levantar um ocupante de at\u00e9 170 quilogramas.<\/p>\n<p>Um ocupante que poder\u00e1 at\u00e9 pedalar se quiser, mas a energia vir\u00e1 de baterias, que movimentar\u00e3o os quatro rotores por um per\u00edodo entre 3 e 5 minutos, a uma velocidade de at\u00e9 50 km\/h.<\/p>\n<p>A bicicleta mede 3,5 metros de comprimento, 2,5 metros de largura e 1,2 metros de altura, e dever\u00e1 pesar algo pr\u00f3ximo dos 85 quilogramas.<\/p>\n<div><br clear=\"all\" \/><\/p>\n<div>O primeiro prot\u00f3tipo dever\u00e1 estar pronto at\u00e9 Setembro.<\/div>\n<div><a href=\"http:\/\/www.zeitgeist.pt\/wp-content\/uploads\/2012\/05\/bicla-voadora-3.bmp\"><img loading=\"lazy\" decoding=\"async\" data-attachment-id=\"195\" data-permalink=\"https:\/\/futuragora.org\/zeitgeist\/2012\/05\/bicileta-voadora\/bicla-voadora-3\/#main\" data-orig-file=\"https:\/\/futuragora.org\/zeitgeist\/wp-content\/uploads\/2012\/05\/bicla-voadora-3.bmp\" data-orig-size=\"\" data-comments-opened=\"1\" data-image-meta=\"[]\" data-image-title=\"bicla voadora 3\" data-image-description=\"\" data-image-caption=\"\" data-large-file=\"https:\/\/futuragora.org\/zeitgeist\/wp-content\/uploads\/2012\/05\/bicla-voadora-3.bmp\" class=\"alignleft size-full wp-image-195\" title=\"bicla voadora 3\" src=\"http:\/\/www.zeitgeist.pt\/wp-content\/uploads\/2012\/05\/bicla-voadora-3.bmp\" alt=\"\" width=\"447\" height=\"234\" \/><\/a><\/div>\n<\/div>\n<p><strong>Prot\u00f3tipo<\/strong><\/p>\n<p>O primeiro prot\u00f3tipo da bicicleta voadora, que ainda est\u00e1 em constru\u00e7\u00e3o, dever\u00e1 ser apresentado em setembro durante uma feira de equipamentos na Rep\u00fablica Tcheca.<\/p>\n<p>O cons\u00f3rcio re\u00fane as empresas Technodat, especializada em projetos e engenharia, Duratec, fabricante de bicicletas, e Evektor, especializada no projeto de avi\u00f5es.<\/p>\n<p>&nbsp;<\/p>\n<p>Reda\u00e7\u00e3o do Site Inova\u00e7\u00e3o Tecnol\u00f3gica &#8211; 26\/05\/2012<\/p>\n<p>Fonte:\u00a0 <a href=\"http:\/\/www.inovacaotecnologica.com.br\/noticias\/noticia.php?artigo=bicicleta-voadora&amp;id=010170120526&amp;ebol=sim\">http:\/\/www.inovacaotecnologica.com.br\/noticias\/noticia.php?artigo=bicicleta-voadora&amp;id=010170120526&amp;ebol=sim<\/a><\/p>\n","protected":false},"excerpt":{"rendered":"<p>&nbsp; [Imagens:\u00a0Technodat] O ocupante poder\u00e1 at\u00e9 pedalar se quiser, mas a energia para fazer a bicicleta voar vir\u00e1 de baterias. Camicleta Em uma s\u00e9rie de grande audi\u00eancia na TV brasileira nos anos 1970, os her\u00f3is Shazan (Paulo Jos\u00e9) e Xerife (Fl\u00e1vio Migliaccio) percorriam o pa\u00eds em busca da realiza\u00e7\u00e3o do seu sonho: a constru\u00e7\u00e3o de &#8230; <a title=\"Bicileta Voadora\" class=\"read-more\" href=\"https:\/\/futuragora.org\/zeitgeist\/2012\/05\/bicileta-voadora\/\" aria-label=\"Leia mais sobre Bicileta Voadora\">Ler mais<\/a><\/p>\n","protected":false},"author":1,"featured_media":0,"comment_status":"open","ping_status":"open","sticky":false,"template":"","format":"standard","meta":{"ngg_post_thumbnail":0,"jetpack_post_was_ever_published":false,"_jetpack_newsletter_access":"","_jetpack_dont_email_post_to_subs":false,"_jetpack_newsletter_tier_id":0,"_jetpack_memberships_contains_paywalled_content":false,"_jetpack_memberships_contains_paid_content":false,"footnotes":"","jetpack_publicize_message":"","jetpack_publicize_feature_enabled":true,"jetpack_social_post_already_shared":false,"jetpack_social_options":{"image_generator_settings":{"template":"highway","default_image_id":0,"font":"","enabled":false},"version":2}},"categories":[4],"tags":[],"class_list":["post-192","post","type-post","status-publish","format-standard","hentry","category-noticias"],"jetpack_publicize_connections":[],"jetpack_featured_media_url":"","jetpack_sharing_enabled":true,"jetpack_shortlink":"https:\/\/wp.me\/pacB1n-36","jetpack-related-posts":[],"_links":{"self":[{"href":"https:\/\/futuragora.org\/zeitgeist\/wp-json\/wp\/v2\/posts\/192","targetHints":{"allow":["GET"]}}],"collection":[{"href":"https:\/\/futuragora.org\/zeitgeist\/wp-json\/wp\/v2\/posts"}],"about":[{"href":"https:\/\/futuragora.org\/zeitgeist\/wp-json\/wp\/v2\/types\/post"}],"author":[{"embeddable":true,"href":"https:\/\/futuragora.org\/zeitgeist\/wp-json\/wp\/v2\/users\/1"}],"replies":[{"embeddable":true,"href":"https:\/\/futuragora.org\/zeitgeist\/wp-json\/wp\/v2\/comments?post=192"}],"version-history":[{"count":6,"href":"https:\/\/futuragora.org\/zeitgeist\/wp-json\/wp\/v2\/posts\/192\/revisions"}],"predecessor-version":[{"id":197,"href":"https:\/\/futuragora.org\/zeitgeist\/wp-json\/wp\/v2\/posts\/192\/revisions\/197"}],"wp:attachment":[{"href":"https:\/\/futuragora.org\/zeitgeist\/wp-json\/wp\/v2\/media?parent=192"}],"wp:term":[{"taxonomy":"category","embeddable":true,"href":"https:\/\/futuragora.org\/zeitgeist\/wp-json\/wp\/v2\/categories?post=192"},{"taxonomy":"post_tag","embeddable":true,"href":"https:\/\/futuragora.org\/zeitgeist\/wp-json\/wp\/v2\/tags?post=192"}],"curies":[{"name":"wp","href":"https:\/\/api.w.org\/{rel}","templated":true}]}}