{"id":164,"date":"2012-05-16T17:47:38","date_gmt":"2012-05-16T16:47:38","guid":{"rendered":"http:\/\/www.zeitgeistportugal.com\/?p=164"},"modified":"2012-12-03T23:55:37","modified_gmt":"2012-12-03T23:55:37","slug":"movimento-zeitgeist-na-primavera-global-pt","status":"publish","type":"post","link":"https:\/\/futuragora.org\/zeitgeist\/2012\/05\/movimento-zeitgeist-na-primavera-global-pt\/","title":{"rendered":"Movimento Zeitgeist na Primavera Global PT"},"content":{"rendered":"<p>O Movimento Zeitgeist e a Futuragora &#8211; Associa\u00e7\u00e3o para a Economia Baseada nos Recursos estiveram presentes na Primavera Global PT. Tratou-se de um evento organizado por v\u00e1rias entidades, associa\u00e7\u00f5es e grupos que promoveram 4 dias de assembleias, reuni\u00f5es, filmes, debates, workshops e actividades.\u00a0 Segundo a organiza\u00e7\u00e3o desse eventos trata-se de um movimento que tem integrado v\u00e1rios grupos que surgiram nas manifesta\u00e7\u00f5es dos indignados e da Plataforma 15 de Outubro.<\/p>\n<p><a href=\"https:\/\/i0.wp.com\/www.zeitgeistportugal.com\/wp-content\/uploads\/2012\/05\/primaver-123-zm.jpg\"><img data-recalc-dims=\"1\" loading=\"lazy\" decoding=\"async\" width=\"300\" height=\"224\" data-attachment-id=\"170\" data-permalink=\"https:\/\/futuragora.org\/zeitgeist\/2012\/05\/movimento-zeitgeist-na-primavera-global-pt\/primaver-123-zm\/#main\" data-orig-file=\"https:\/\/i0.wp.com\/futuragora.org\/zeitgeist\/wp-content\/uploads\/2012\/05\/primaver-123-zm.jpg?fit=320%2C239&amp;ssl=1\" data-orig-size=\"320,239\" data-comments-opened=\"1\" data-image-meta=\"{&quot;aperture&quot;:&quot;0&quot;,&quot;credit&quot;:&quot;&quot;,&quot;camera&quot;:&quot;&quot;,&quot;caption&quot;:&quot;&quot;,&quot;created_timestamp&quot;:&quot;0&quot;,&quot;copyright&quot;:&quot;&quot;,&quot;focal_length&quot;:&quot;0&quot;,&quot;iso&quot;:&quot;0&quot;,&quot;shutter_speed&quot;:&quot;0&quot;,&quot;title&quot;:&quot;&quot;}\" data-image-title=\"primaver 123 zm\" data-image-description=\"\" data-image-caption=\"\" data-large-file=\"https:\/\/i0.wp.com\/futuragora.org\/zeitgeist\/wp-content\/uploads\/2012\/05\/primaver-123-zm.jpg?fit=320%2C239&amp;ssl=1\" class=\"alignleft size-medium wp-image-170\" title=\"primaver 123 zm\" src=\"https:\/\/i0.wp.com\/www.zeitgeist.pt\/wp-content\/uploads\/2012\/05\/primaver-123-zm-300x224.jpg?resize=300%2C224\" alt=\"\" srcset=\"https:\/\/i0.wp.com\/futuragora.org\/zeitgeist\/wp-content\/uploads\/2012\/05\/primaver-123-zm.jpg?resize=300%2C224&amp;ssl=1 300w, https:\/\/i0.wp.com\/futuragora.org\/zeitgeist\/wp-content\/uploads\/2012\/05\/primaver-123-zm.jpg?w=320&amp;ssl=1 320w\" sizes=\"auto, (max-width: 300px) 100vw, 300px\" \/><\/a>Durante o evento que decorreu no Parque Eduardo VII, em Lisboa, foram passados tr\u00eas filmes do Zeitgeist \/ Projecto V\u00e9nus em hor\u00e1rio noturno.\u00a0 Ouve algum sucesso na consciencializa\u00e7\u00e3o subjacentes \u00e0s propostas promovidas pelas nossas organiza\u00e7\u00f5es. Foram: Zeitgeist Addendum, Zeitgeist: O Futuro \u00e9 Agora, e Projecto V\u00e9nus Para\u00edso ou esquecimento<\/p>\n<p>&nbsp;<\/p>\n<p>Esteve presente a bicicleta geradora da Futuragora, projecto demonstrativo de reciclagem e sustentabilidade. Ainda que n\u00e3o fosse capaz de sustentar todas as necessidades energ\u00e9ticas do eventos foi suficiente para projectar os filmes e manter um computador activo.<\/p>\n<p><a href=\"https:\/\/i0.wp.com\/www.zeitgeistportugal.com\/wp-content\/uploads\/2012\/05\/bicicleta-geradora-primave5ra.jpg\"><img data-recalc-dims=\"1\" loading=\"lazy\" decoding=\"async\" width=\"300\" height=\"225\" data-attachment-id=\"165\" data-permalink=\"https:\/\/futuragora.org\/zeitgeist\/2012\/05\/movimento-zeitgeist-na-primavera-global-pt\/bicicleta-geradora-primave5ra\/#main\" data-orig-file=\"https:\/\/i0.wp.com\/futuragora.org\/zeitgeist\/wp-content\/uploads\/2012\/05\/bicicleta-geradora-primave5ra.jpg?fit=320%2C240&amp;ssl=1\" data-orig-size=\"320,240\" data-comments-opened=\"1\" data-image-meta=\"{&quot;aperture&quot;:&quot;0&quot;,&quot;credit&quot;:&quot;&quot;,&quot;camera&quot;:&quot;&quot;,&quot;caption&quot;:&quot;&quot;,&quot;created_timestamp&quot;:&quot;0&quot;,&quot;copyright&quot;:&quot;&quot;,&quot;focal_length&quot;:&quot;0&quot;,&quot;iso&quot;:&quot;0&quot;,&quot;shutter_speed&quot;:&quot;0&quot;,&quot;title&quot;:&quot;&quot;}\" data-image-title=\"bicicleta geradora primave5ra\" data-image-description=\"\" data-image-caption=\"\" data-large-file=\"https:\/\/i0.wp.com\/futuragora.org\/zeitgeist\/wp-content\/uploads\/2012\/05\/bicicleta-geradora-primave5ra.jpg?fit=320%2C240&amp;ssl=1\" class=\"alignleft size-medium wp-image-165\" title=\"bicicleta geradora primave5ra\" src=\"https:\/\/i0.wp.com\/www.zeitgeist.pt\/wp-content\/uploads\/2012\/05\/bicicleta-geradora-primave5ra-300x225.jpg?resize=300%2C225\" alt=\"\" srcset=\"https:\/\/i0.wp.com\/futuragora.org\/zeitgeist\/wp-content\/uploads\/2012\/05\/bicicleta-geradora-primave5ra.jpg?resize=300%2C225&amp;ssl=1 300w, https:\/\/i0.wp.com\/futuragora.org\/zeitgeist\/wp-content\/uploads\/2012\/05\/bicicleta-geradora-primave5ra.jpg?w=320&amp;ssl=1 320w\" sizes=\"auto, (max-width: 300px) 100vw, 300px\" \/><\/a><\/p>\n<p>&nbsp;<\/p>\n<p>&nbsp;<\/p>\n<p>&nbsp;<\/p>\n<p>&nbsp;<\/p>\n<p>&nbsp;<\/p>\n<p>&nbsp;<\/p>\n<p><a href=\"https:\/\/i0.wp.com\/www.zeitgeistportugal.com\/wp-content\/uploads\/2012\/05\/primavzm1.jpg\"><img data-recalc-dims=\"1\" loading=\"lazy\" decoding=\"async\" width=\"300\" height=\"224\" data-attachment-id=\"172\" data-permalink=\"https:\/\/futuragora.org\/zeitgeist\/2012\/05\/movimento-zeitgeist-na-primavera-global-pt\/primavzm-2\/#main\" data-orig-file=\"https:\/\/i0.wp.com\/futuragora.org\/zeitgeist\/wp-content\/uploads\/2012\/05\/primavzm1.jpg?fit=320%2C239&amp;ssl=1\" data-orig-size=\"320,239\" data-comments-opened=\"1\" data-image-meta=\"{&quot;aperture&quot;:&quot;0&quot;,&quot;credit&quot;:&quot;&quot;,&quot;camera&quot;:&quot;&quot;,&quot;caption&quot;:&quot;&quot;,&quot;created_timestamp&quot;:&quot;0&quot;,&quot;copyright&quot;:&quot;&quot;,&quot;focal_length&quot;:&quot;0&quot;,&quot;iso&quot;:&quot;0&quot;,&quot;shutter_speed&quot;:&quot;0&quot;,&quot;title&quot;:&quot;&quot;}\" data-image-title=\"primavzm\" data-image-description=\"\" data-image-caption=\"\" data-large-file=\"https:\/\/i0.wp.com\/futuragora.org\/zeitgeist\/wp-content\/uploads\/2012\/05\/primavzm1.jpg?fit=320%2C239&amp;ssl=1\" class=\"alignleft size-medium wp-image-172\" title=\"primavzm\" src=\"https:\/\/i0.wp.com\/www.zeitgeist.pt\/wp-content\/uploads\/2012\/05\/primavzm1-300x224.jpg?resize=300%2C224\" alt=\"\" srcset=\"https:\/\/i0.wp.com\/futuragora.org\/zeitgeist\/wp-content\/uploads\/2012\/05\/primavzm1.jpg?resize=300%2C224&amp;ssl=1 300w, https:\/\/i0.wp.com\/futuragora.org\/zeitgeist\/wp-content\/uploads\/2012\/05\/primavzm1.jpg?w=320&amp;ssl=1 320w\" sizes=\"auto, (max-width: 300px) 100vw, 300px\" \/><\/a><\/p>\n<p>&nbsp;<\/p>\n<p>&nbsp;<\/p>\n<p>&nbsp;<\/p>\n<p>&nbsp;<\/p>\n<p>&nbsp;<\/p>\n","protected":false},"excerpt":{"rendered":"<p>O Movimento Zeitgeist e a Futuragora &#8211; Associa\u00e7\u00e3o para a Economia Baseada nos Recursos estiveram presentes na Primavera Global PT. Tratou-se de um evento organizado por v\u00e1rias entidades, associa\u00e7\u00f5es e grupos que promoveram 4 dias de assembleias, reuni\u00f5es, filmes, debates, workshops e actividades.\u00a0 Segundo a organiza\u00e7\u00e3o desse eventos trata-se de um movimento que tem integrado &#8230; <a title=\"Movimento Zeitgeist na Primavera Global PT\" class=\"read-more\" href=\"https:\/\/futuragora.org\/zeitgeist\/2012\/05\/movimento-zeitgeist-na-primavera-global-pt\/\" aria-label=\"Leia mais sobre Movimento Zeitgeist na Primavera Global PT\">Ler mais<\/a><\/p>\n","protected":false},"author":1,"featured_media":165,"comment_status":"open","ping_status":"open","sticky":false,"template":"","format":"standard","meta":{"ngg_post_thumbnail":0,"jetpack_post_was_ever_published":false,"_jetpack_newsletter_access":"","_jetpack_dont_email_post_to_subs":false,"_jetpack_newsletter_tier_id":0,"_jetpack_memberships_contains_paywalled_content":false,"_jetpack_memberships_contains_paid_content":false,"footnotes":"","jetpack_publicize_message":"","jetpack_publicize_feature_enabled":true,"jetpack_social_post_already_shared":false,"jetpack_social_options":{"image_generator_settings":{"template":"highway","default_image_id":0,"font":"","enabled":false},"version":2}},"categories":[1,4],"tags":[],"class_list":["post-164","post","type-post","status-publish","format-standard","has-post-thumbnail","hentry","category-eventos","category-noticias"],"jetpack_publicize_connections":[],"jetpack_featured_media_url":"https:\/\/i0.wp.com\/futuragora.org\/zeitgeist\/wp-content\/uploads\/2012\/05\/bicicleta-geradora-primave5ra.jpg?fit=320%2C240&ssl=1","jetpack_sharing_enabled":true,"jetpack_shortlink":"https:\/\/wp.me\/pacB1n-2E","jetpack-related-posts":[],"_links":{"self":[{"href":"https:\/\/futuragora.org\/zeitgeist\/wp-json\/wp\/v2\/posts\/164","targetHints":{"allow":["GET"]}}],"collection":[{"href":"https:\/\/futuragora.org\/zeitgeist\/wp-json\/wp\/v2\/posts"}],"about":[{"href":"https:\/\/futuragora.org\/zeitgeist\/wp-json\/wp\/v2\/types\/post"}],"author":[{"embeddable":true,"href":"https:\/\/futuragora.org\/zeitgeist\/wp-json\/wp\/v2\/users\/1"}],"replies":[{"embeddable":true,"href":"https:\/\/futuragora.org\/zeitgeist\/wp-json\/wp\/v2\/comments?post=164"}],"version-history":[{"count":6,"href":"https:\/\/futuragora.org\/zeitgeist\/wp-json\/wp\/v2\/posts\/164\/revisions"}],"predecessor-version":[{"id":429,"href":"https:\/\/futuragora.org\/zeitgeist\/wp-json\/wp\/v2\/posts\/164\/revisions\/429"}],"wp:featuredmedia":[{"embeddable":true,"href":"https:\/\/futuragora.org\/zeitgeist\/wp-json\/wp\/v2\/media\/165"}],"wp:attachment":[{"href":"https:\/\/futuragora.org\/zeitgeist\/wp-json\/wp\/v2\/media?parent=164"}],"wp:term":[{"taxonomy":"category","embeddable":true,"href":"https:\/\/futuragora.org\/zeitgeist\/wp-json\/wp\/v2\/categories?post=164"},{"taxonomy":"post_tag","embeddable":true,"href":"https:\/\/futuragora.org\/zeitgeist\/wp-json\/wp\/v2\/tags?post=164"}],"curies":[{"name":"wp","href":"https:\/\/api.w.org\/{rel}","templated":true}]}}