{"id":145,"date":"2012-03-06T15:54:45","date_gmt":"2012-03-06T15:54:45","guid":{"rendered":"http:\/\/www.zeitgeistportugal.com\/?p=145"},"modified":"2012-12-03T23:53:21","modified_gmt":"2012-12-03T23:53:21","slug":"zday-2012-portugal","status":"publish","type":"post","link":"https:\/\/futuragora.org\/zeitgeist\/2012\/03\/zday-2012-portugal\/","title":{"rendered":"Zday 2012 &#8211; Portugal"},"content":{"rendered":"<div id=\"magicdomid1951\">O &#8220;Dia Zeitgeist&#8221; (Zeitgeist Day ou ZDAY de forma resumida) \u00e9 um evento global que ocorre uma vez por ano a meio de Mar\u00e7o em homenagem a Jacque Fresco (nascido a 13 de Mar\u00e7o de 1916). O objectivo consiste em aumentar a consci\u00eancia do p\u00fablico em rela\u00e7\u00e3o ao Movimento Zeitgeist, realizando eventos por todo mundo neste espec\u00edfico dia ou semana.<\/div>\n<div>Em 2011, tiveram lugar mais de 330 eventos em 60 pa\u00edses. Estes foram bem documentados por ag\u00eancias de not\u00edcias por todo mundo, incluindo o New York Times nos Estado Unidos da Am\u00e9rica. Uma listagem destes eventos arquivados pode ser encontrada\u00a0<strong><a href=\"http:\/\/www.zeitgeistportugal.org\/capitulo\/zday2010.org\/zday-events\/zday-2011\" target=\"_blank\">AQUI<\/a><\/strong>.<\/div>\n<div>Em Portugal decorreu no passado ano de 2011 na F\u00e1brica do Bra\u00e7o de Prata, em Lisboa onde estiveram presentes mais de 150 pessoas.<\/div>\n<div><a href=\"https:\/\/i0.wp.com\/www.zeitgeistportugal.com\/wp-content\/uploads\/2012\/03\/zmglobe%2Bhands.jpg\"><img data-recalc-dims=\"1\" loading=\"lazy\" decoding=\"async\" width=\"347\" height=\"346\" data-attachment-id=\"146\" data-permalink=\"https:\/\/futuragora.org\/zeitgeist\/2012\/03\/zday-2012-portugal\/zmglobehands\/#main\" data-orig-file=\"https:\/\/i0.wp.com\/futuragora.org\/zeitgeist\/wp-content\/uploads\/2012\/03\/zmglobe%2Bhands.jpg?fit=347%2C346&amp;ssl=1\" data-orig-size=\"347,346\" data-comments-opened=\"1\" data-image-meta=\"{&quot;aperture&quot;:&quot;0&quot;,&quot;credit&quot;:&quot;&quot;,&quot;camera&quot;:&quot;&quot;,&quot;caption&quot;:&quot;&quot;,&quot;created_timestamp&quot;:&quot;0&quot;,&quot;copyright&quot;:&quot;&quot;,&quot;focal_length&quot;:&quot;0&quot;,&quot;iso&quot;:&quot;0&quot;,&quot;shutter_speed&quot;:&quot;0&quot;,&quot;title&quot;:&quot;&quot;}\" data-image-title=\"zmglobe+hands\" data-image-description=\"\" data-image-caption=\"\" data-large-file=\"https:\/\/i0.wp.com\/futuragora.org\/zeitgeist\/wp-content\/uploads\/2012\/03\/zmglobe%2Bhands.jpg?fit=347%2C346&amp;ssl=1\" class=\"alignleft size-full wp-image-146\" title=\"zmglobe+hands\" src=\"https:\/\/i0.wp.com\/www.zeitgeist.pt\/wp-content\/uploads\/2012\/03\/zmglobe%2Bhands.jpg?resize=347%2C346\" alt=\"\" \/><\/a><\/div>\n<div>Este ano os eventos decorreram em Lisboa, Porto e Figueira da Foz.<\/div>\n<div>Em breve ser\u00e1 apresentada a calendariza\u00e7\u00e3o dos eventos.<\/div>\n","protected":false},"excerpt":{"rendered":"<p>O &#8220;Dia Zeitgeist&#8221; (Zeitgeist Day ou ZDAY de forma resumida) \u00e9 um evento global que ocorre uma vez por ano a meio de Mar\u00e7o em homenagem a Jacque Fresco (nascido a 13 de Mar\u00e7o de 1916). O objectivo consiste em aumentar a consci\u00eancia do p\u00fablico em rela\u00e7\u00e3o ao Movimento Zeitgeist, realizando eventos por todo mundo &#8230; <a title=\"Zday 2012 &#8211; Portugal\" class=\"read-more\" href=\"https:\/\/futuragora.org\/zeitgeist\/2012\/03\/zday-2012-portugal\/\" aria-label=\"Leia mais sobre Zday 2012 &#8211; Portugal\">Ler mais<\/a><\/p>\n","protected":false},"author":1,"featured_media":146,"comment_status":"open","ping_status":"open","sticky":false,"template":"","format":"standard","meta":{"ngg_post_thumbnail":0,"jetpack_post_was_ever_published":false,"_jetpack_newsletter_access":"","_jetpack_dont_email_post_to_subs":false,"_jetpack_newsletter_tier_id":0,"_jetpack_memberships_contains_paywalled_content":false,"_jetpack_memberships_contains_paid_content":false,"footnotes":"","jetpack_publicize_message":"","jetpack_publicize_feature_enabled":true,"jetpack_social_post_already_shared":false,"jetpack_social_options":{"image_generator_settings":{"template":"highway","default_image_id":0,"font":"","enabled":false},"version":2}},"categories":[1],"tags":[53,59,56,58,57,55,8],"class_list":["post-145","post","type-post","status-publish","format-standard","has-post-thumbnail","hentry","category-eventos","tag-economia-baseada-nos-recursos","tag-eventos-2","tag-futuragora","tag-palestras","tag-projecto-venus","tag-zday","tag-zeitgeist"],"jetpack_publicize_connections":[],"jetpack_featured_media_url":"https:\/\/i0.wp.com\/futuragora.org\/zeitgeist\/wp-content\/uploads\/2012\/03\/zmglobe%2Bhands.jpg?fit=347%2C346&ssl=1","jetpack_sharing_enabled":true,"jetpack_shortlink":"https:\/\/wp.me\/pacB1n-2l","jetpack-related-posts":[],"_links":{"self":[{"href":"https:\/\/futuragora.org\/zeitgeist\/wp-json\/wp\/v2\/posts\/145","targetHints":{"allow":["GET"]}}],"collection":[{"href":"https:\/\/futuragora.org\/zeitgeist\/wp-json\/wp\/v2\/posts"}],"about":[{"href":"https:\/\/futuragora.org\/zeitgeist\/wp-json\/wp\/v2\/types\/post"}],"author":[{"embeddable":true,"href":"https:\/\/futuragora.org\/zeitgeist\/wp-json\/wp\/v2\/users\/1"}],"replies":[{"embeddable":true,"href":"https:\/\/futuragora.org\/zeitgeist\/wp-json\/wp\/v2\/comments?post=145"}],"version-history":[{"count":3,"href":"https:\/\/futuragora.org\/zeitgeist\/wp-json\/wp\/v2\/posts\/145\/revisions"}],"predecessor-version":[{"id":426,"href":"https:\/\/futuragora.org\/zeitgeist\/wp-json\/wp\/v2\/posts\/145\/revisions\/426"}],"wp:featuredmedia":[{"embeddable":true,"href":"https:\/\/futuragora.org\/zeitgeist\/wp-json\/wp\/v2\/media\/146"}],"wp:attachment":[{"href":"https:\/\/futuragora.org\/zeitgeist\/wp-json\/wp\/v2\/media?parent=145"}],"wp:term":[{"taxonomy":"category","embeddable":true,"href":"https:\/\/futuragora.org\/zeitgeist\/wp-json\/wp\/v2\/categories?post=145"},{"taxonomy":"post_tag","embeddable":true,"href":"https:\/\/futuragora.org\/zeitgeist\/wp-json\/wp\/v2\/tags?post=145"}],"curies":[{"name":"wp","href":"https:\/\/api.w.org\/{rel}","templated":true}]}}