{"id":116,"date":"2011-12-18T22:09:02","date_gmt":"2011-12-18T22:09:02","guid":{"rendered":"http:\/\/www.zeitgeistportugal.com\/?p=116"},"modified":"2011-12-27T21:05:24","modified_gmt":"2011-12-27T21:05:24","slug":"ocupar-e-zeitgeist-na-sic","status":"publish","type":"post","link":"https:\/\/futuragora.org\/zeitgeist\/2011\/12\/ocupar-e-zeitgeist-na-sic\/","title":{"rendered":"Ocupar e Zeitgeist na SIC"},"content":{"rendered":"<p>Desde 15 de Outubro que membros do Movimento Zeitgeist Portugal estiveram muito presentes no que foi, e \u00e9, o Ocupar Lisboa. Durante quase dois meses esses membros conjuntamente com muitos activistas de outros grupos formaram um n\u00facleo que apelidaram de &#8220;Ocupar Lisboa&#8221;.<\/p>\n<p><em><strong>Ocupar Lisboa n\u00e3o \u00e9 s\u00f3 um protesto.<\/strong><br \/>\nN\u00f3s j\u00e1 n\u00e3o esperamos qualquer solu\u00e7\u00e3o vinda de um governo. A mudan\u00e7a est\u00e1 em n\u00f3s e apenas n\u00f3s podemos mudar os paradigmas em que esta sociedade se assenta. Escrevemos este manifesto para que todas as pessoas que se sentem injusti\u00e7adas e indignadas num sistema que n\u00e3o vai de encontro \u00e0s suas necessidades, possam saber que somos seus aliados. Somos cada vez mais e temos consci\u00eancia que, s\u00f3 construindo um novo sistema, poderemos tornar o actual obsoleto.<\/p>\n<p><strong>Ocupar Lisboa \u00e9 resist\u00eancia.<\/strong><br \/>\nPerante a corrup\u00e7\u00e3o do sistema, cabe aos indiv\u00edduos proteger os seus pr\u00f3prios direitos, e os dos seus concidad\u00e3os, conforme estipulado no artigo 21.\u00ba da Constitui\u00e7\u00e3o da Rep\u00fablica Portuguesa &#8211; Direito \u00e0 Resist\u00eancia. Um governo democr\u00e1tico obt\u00e9m o seu poder apenas a partir do povo, que o valida ao aceit\u00e1-lo como leg\u00edtimo. Chegamos a v\u00f3s num momento em que as corpora\u00e7\u00f5es, que p\u00f5em o lucro acima das pessoas, auto-interesse acima da justi\u00e7a, e a opress\u00e3o acima da igualdade, mandam nos nossos governos. Nenhuma democracia verdadeira \u00e9 ating\u00edvel quando o processo \u00e9 determinado por lucros e n\u00e3o pelos interesses do povo. Estamos aqui reunidos pacificamente, como \u00e9 nosso direito, para que estes factos sejam conhecidos.<\/p>\n<p><strong>Ocupar Lisboa \u00e9 consci\u00eancia.<\/strong><br \/>\nMais do que ocupar um espa\u00e7o, pretendemos ocupar a nossa mente, cora\u00e7\u00e3o e alma. Abandonando futilidades destrutivas do passado e aprendendo com os erros, com respeito, valores, educa\u00e7\u00e3o e arte. Lutamos por aquilo que nos une, n\u00e3o por aquilo que nos separa. Estimulamos um pensamento hol\u00edstico ao valorizar tanto a racionalidade como a intui\u00e7\u00e3o. Ao tomarmos conta que o conhecimento \u00e9 poder, a sua partilha e o seu cultivo tornam-se as \u00fanicas armas v\u00e1lidas contra a injusti\u00e7a e gan\u00e2ncia deste sistema. Entrar num entendimento colectivo propicia uma nova dimens\u00e3o da consci\u00eancia que evolutivamente teremos de habitar, de forma a abrir um potencial ilimitado.<\/p>\n<p><strong>Ocupar Lisboa \u00e9 sustentabilidade.<\/strong><br \/>\n\u00c0 medida que se vai tornando cada vez mais clara a situa\u00e7\u00e3o de insustentabilidade do  actual sistema econ\u00f3mico, o seu irremedi\u00e1vel trajecto para o colapso impele-nos a agir e pretendemos estar preparados quando isso acontecer. Pretendemos autonomia &#8211; autonomia pessoal, autonomia de recursos, autonomia energ\u00e9tica (energias renov\u00e1veis) &#8211; de forma a garantir a sustentabilidade e a preserva\u00e7\u00e3o do nosso planeta e da sua biosfera. Temos, hoje em dia, tecnologia para garantir o bem estar de todos os habitantes do planeta, desde que a produ\u00e7\u00e3o e o consumo sejam sustent\u00e1veis. Temos de despertar mais o servir do que o servirmo-nos. Ao promovermos uma economia baseada nos recursos e n\u00e3o na escassez, estaremos a garantir uma maior aproxima\u00e7\u00e3o \u00e0 real riqueza da terra, de forma a ger\u00ed-la eficientemente. Porque todos n\u00f3s merecemos viver e n\u00e3o apenas sobreviver.<\/em><\/p>\n<p>Apoiados por membros do Movimento Zeitgeist o Ocupar Lisboa manteve a sua presen\u00e7a constante durante muito tempo. Acompanhando v\u00e1rios protestos, manifesta\u00e7\u00f5es e ac\u00e7\u00f5es de rua o apoio do Anonymous foi crucial. N\u00e3o s\u00f3 foram mantidas v\u00e1rias reuni\u00f5es de outros grupos como ac\u00e7\u00e3o directa, ou a presen\u00e7a de membros da plataforma 15 de Outubro ou Indignados durante a ocupa\u00e7\u00e3o como foram desenvolvidas parcerias e em ac\u00e7\u00f5es conjuntas entre todos.<\/p>\n<p>Acima de tudo fica que o Ocupar, resultado da uni\u00e3o das pessoas  como pessoas, e n\u00e3o como membros de grupos \u00e9 dirigida \u00e0 sustentabilidade, igualdade social e ao fim da oligarquia da falsa democracia em que vivemos. O apartidarismo foi sendo sempre um ponto chave quer do Ocupar Lisboa quer dos membros de outros grupos que lutam contra a injusti\u00e7a e rumo contra-natura da democracia actual, tal como o Movimento Zeitgeist ou os Anonymous.<\/p>\n<p>Na presente data o Ocupar Lisboa j\u00e1 levantou acampamento, no entanto, a miss\u00e3o perdura, os objectivos, alguns j\u00e1 alcan\u00e7ados balizam ano de 2012 cheio de ac\u00e7\u00f5es rumo ao futuro que temos direito.<\/p>\n","protected":false},"excerpt":{"rendered":"<p>Desde 15 de Outubro que membros do Movimento Zeitgeist Portugal estiveram muito presentes no que foi, e \u00e9, o Ocupar Lisboa. Durante quase dois meses esses membros conjuntamente com muitos activistas de outros grupos formaram um n\u00facleo que apelidaram de &#8220;Ocupar Lisboa&#8221;. Ocupar Lisboa n\u00e3o \u00e9 s\u00f3 um protesto. N\u00f3s j\u00e1 n\u00e3o esperamos qualquer solu\u00e7\u00e3o &#8230; <a title=\"Ocupar e Zeitgeist na SIC\" class=\"read-more\" href=\"https:\/\/futuragora.org\/zeitgeist\/2011\/12\/ocupar-e-zeitgeist-na-sic\/\" aria-label=\"Leia mais sobre Ocupar e Zeitgeist na SIC\">Ler mais<\/a><\/p>\n","protected":false},"author":1,"featured_media":117,"comment_status":"open","ping_status":"open","sticky":false,"template":"","format":"standard","meta":{"ngg_post_thumbnail":0,"jetpack_post_was_ever_published":false,"_jetpack_newsletter_access":"","_jetpack_dont_email_post_to_subs":false,"_jetpack_newsletter_tier_id":0,"_jetpack_memberships_contains_paywalled_content":false,"_jetpack_memberships_contains_paid_content":false,"footnotes":"","jetpack_publicize_message":"","jetpack_publicize_feature_enabled":true,"jetpack_social_post_already_shared":false,"jetpack_social_options":{"image_generator_settings":{"template":"highway","default_image_id":0,"font":"","enabled":false},"version":2}},"categories":[4],"tags":[],"class_list":["post-116","post","type-post","status-publish","format-standard","has-post-thumbnail","hentry","category-noticias"],"jetpack_publicize_connections":[],"jetpack_featured_media_url":"https:\/\/i0.wp.com\/futuragora.org\/zeitgeist\/wp-content\/uploads\/2011\/12\/275575_100003051617020_938881179_n.jpg?fit=180%2C164&ssl=1","jetpack_sharing_enabled":true,"jetpack_shortlink":"https:\/\/wp.me\/pacB1n-1S","jetpack-related-posts":[],"_links":{"self":[{"href":"https:\/\/futuragora.org\/zeitgeist\/wp-json\/wp\/v2\/posts\/116","targetHints":{"allow":["GET"]}}],"collection":[{"href":"https:\/\/futuragora.org\/zeitgeist\/wp-json\/wp\/v2\/posts"}],"about":[{"href":"https:\/\/futuragora.org\/zeitgeist\/wp-json\/wp\/v2\/types\/post"}],"author":[{"embeddable":true,"href":"https:\/\/futuragora.org\/zeitgeist\/wp-json\/wp\/v2\/users\/1"}],"replies":[{"embeddable":true,"href":"https:\/\/futuragora.org\/zeitgeist\/wp-json\/wp\/v2\/comments?post=116"}],"version-history":[{"count":3,"href":"https:\/\/futuragora.org\/zeitgeist\/wp-json\/wp\/v2\/posts\/116\/revisions"}],"predecessor-version":[{"id":158,"href":"https:\/\/futuragora.org\/zeitgeist\/wp-json\/wp\/v2\/posts\/116\/revisions\/158"}],"wp:featuredmedia":[{"embeddable":true,"href":"https:\/\/futuragora.org\/zeitgeist\/wp-json\/wp\/v2\/media\/117"}],"wp:attachment":[{"href":"https:\/\/futuragora.org\/zeitgeist\/wp-json\/wp\/v2\/media?parent=116"}],"wp:term":[{"taxonomy":"category","embeddable":true,"href":"https:\/\/futuragora.org\/zeitgeist\/wp-json\/wp\/v2\/categories?post=116"},{"taxonomy":"post_tag","embeddable":true,"href":"https:\/\/futuragora.org\/zeitgeist\/wp-json\/wp\/v2\/tags?post=116"}],"curies":[{"name":"wp","href":"https:\/\/api.w.org\/{rel}","templated":true}]}}